{"id":6586,"date":"2020-03-08T06:25:27","date_gmt":"2020-03-08T13:25:27","guid":{"rendered":"https:\/\/www.livedeep.tv\/2020\/03\/reflejo-charly-alejo-valencia-la-reina-del-flow-%f0%9f%8e%b6-cancion-oficial-letra-caracol-tv\/"},"modified":"2020-03-08T06:25:27","modified_gmt":"2020-03-08T13:25:27","slug":"reflejo-charly-alejo-valencia-la-reina-del-flow-%f0%9f%8e%b6-cancion-oficial-letra-caracol-tv","status":"publish","type":"post","link":"https:\/\/www.livedeep.tv\/web\/es\/2020\/03\/reflejo-charly-alejo-valencia-la-reina-del-flow-%f0%9f%8e%b6-cancion-oficial-letra-caracol-tv\/","title":{"rendered":"Reflejo &#8211; Charly (Alejo Valencia) La Reina del Flow \ud83c\udfb6 Canci\u00f3n oficial &#8211; Letra | Caracol TV"},"content":{"rendered":"<p><iframe loading=\"lazy\"  width=\"580\" height=\"385\" src=\"https:\/\/www.youtube.com\/embed\/uaH5LCPTyC8?rel=0&#038;modestbranding=1\" frameborder=\"0\" allowfullscreen><\/iframe><br \/>\n<br \/>Canta las canciones de La Reina del Flow con la letra de la canci\u00f3n Reflejo, cantanda por Charly Flow. Comparte las canciones originales de La Reina del Flow. Letra de la canci\u00f3n Reflejo. #LaReinaDelFlow<\/p>\n<p>Autores: Nicol\u00e1s Uribe<br \/>\n David Arias Botero<br \/>\n Sebasti\u00e1n Luengas<\/p>\n<p>Suscr\u00edbete: <\/p>\n<p>S\u00edguenos:<br \/>\nInstagram:<br \/>\nFacebook:<br \/>\nPinterest:<br \/>\nTwitter: <\/p>\n<p>La Reina del Flow:<br \/>\nYeimi Montoya (Mar\u00eda Jos\u00e9 Vargas), es una joven colombiana de aproximadamente 17 a\u00f1os, que estudia y ayuda a sus padres en el negocio que tienen. Ella tiene un don para las rimas y ritmos musicales, pero es un secreto que ha guardado durante varios a\u00f1os. Est\u00e1 enamorada de su compa\u00f1ero de clases y vecino Charly, a quien le ha escrito muchas canciones y que mantiene en secreto en su libreta, la cual protege y cuida como si fuera su propio hijo. Pero desafortunadamente una tragedia ocurre y sus padres son asesinados, mientras que ella conf\u00eda en quien no deb\u00eda, su libreta en donde est\u00e1n todas sus canciones cae en las manos de la persona que le destruye su felicidad y le arrebata su libertad, conden\u00e1ndola a m\u00e1s de 17 a\u00f1os de prisi\u00f3n.<\/p>\n<p>Caracol Televisi\u00f3n<br \/>\nEste es el canal oficial de Caracol Televisi\u00f3n S.A. en YouTube, en el cual vas a encontrar avances, clips, cap\u00edtulos, series web, videos exclusivos y otros videos sobre todas las producciones y el entretenimiento de Canal Caracol.<\/p>\n<p>Suscr\u00edbete a nuestra red de canales en YouTube:<\/p>\n<p>Noticias Caracol:<br \/>\nGol Caracol:<br \/>\nShock:<br \/>\nBlu Radio:<br \/>\nLa Kalle:<br \/>\nCaracol Play:<br \/>\nEl Espectador: <\/p>\n<p>Reflejo &#8211; Charly (Alejo Valencia) La Reina del Flow \ud83c\udfb6 Canci\u00f3n oficial &#8211; Letra | Caracol TV<\/p>\n<p><a href=\"https:\/\/www.youtube.com\/watch?v=uaH5LCPTyC8\">source<\/a><\/p>\n","protected":false},"excerpt":{"rendered":"<p>Canta las canciones de La Reina del Flow con la letra de la canci\u00f3n Reflejo, cantanda por Charly Flow. Comparte las canciones originales de La Reina del Flow. Letra de la canci\u00f3n Reflejo. #LaReinaDelFlow Autores: Nicol\u00e1s Uribe David Arias Botero Sebasti\u00e1n Luengas Suscr\u00edbete: S\u00edguenos: Instagram: Facebook: Pinterest: Twitter: La Reina del Flow: Yeimi Montoya (Mar\u00eda &hellip;<\/p>\n","protected":false},"author":1,"featured_media":332481,"comment_status":"open","ping_status":"closed","sticky":false,"template":"","format":"standard","meta":{"footnotes":""},"categories":[122],"tags":[],"coauthors":[62],"class_list":["post-6586","post","type-post","status-publish","format-standard","has-post-thumbnail","hentry","category-estilo-de-vida"],"yoast_head":"<!-- This site is optimized with the Yoast SEO Premium plugin v26.6 (Yoast SEO v27.5) - https:\/\/yoast.com\/product\/yoast-seo-premium-wordpress\/ -->\n<title>Reflejo - Charly (Alejo Valencia) La Reina del Flow \ud83c\udfb6 Canci\u00f3n oficial - Letra | Caracol TV - LiveDEEP.TV<\/title>\n<meta name=\"robots\" content=\"index, follow, max-snippet:-1, max-image-preview:large, max-video-preview:-1\" \/>\n<link rel=\"canonical\" href=\"https:\/\/www.livedeep.tv\/web\/es\/2020\/03\/reflejo-charly-alejo-valencia-la-reina-del-flow-\ud83c\udfb6-cancion-oficial-letra-caracol-tv\/\" \/>\n<meta property=\"og:locale\" content=\"es_ES\" \/>\n<meta property=\"og:type\" content=\"article\" \/>\n<meta property=\"og:title\" content=\"Reflejo - Charly (Alejo Valencia) La Reina del Flow \ud83c\udfb6 Canci\u00f3n oficial - Letra | Caracol TV\" \/>\n<meta property=\"og:description\" content=\"Canta las canciones de La Reina del Flow con la letra de la canci\u00f3n Reflejo, cantanda por Charly Flow. Comparte las canciones originales de La Reina del Flow. Letra de la canci\u00f3n Reflejo. #LaReinaDelFlow Autores: Nicol\u00e1s Uribe David Arias Botero Sebasti\u00e1n Luengas Suscr\u00edbete: S\u00edguenos: Instagram: Facebook: Pinterest: Twitter: La Reina del Flow: Yeimi Montoya (Mar\u00eda &hellip;\" \/>\n<meta property=\"og:url\" content=\"https:\/\/www.livedeep.tv\/web\/es\/2020\/03\/reflejo-charly-alejo-valencia-la-reina-del-flow-\ud83c\udfb6-cancion-oficial-letra-caracol-tv\/\" \/>\n<meta property=\"og:site_name\" content=\"LiveDEEP.TV\" \/>\n<meta property=\"article:published_time\" content=\"2020-03-08T13:25:27+00:00\" \/>\n<meta property=\"og:image\" content=\"https:\/\/img.youtube.com\/vi\/uaH5LCPTyC8\/maxresdefault.jpg?\" \/>\n<meta name=\"author\" content=\"LvDP.TV Synthetintelligence\u2122\" \/>\n<meta name=\"twitter:card\" content=\"summary_large_image\" \/>\n<meta name=\"twitter:image\" content=\"https:\/\/img.youtube.com\/vi\/uaH5LCPTyC8\/maxresdefault.jpg?\" \/>\n<meta name=\"twitter:label1\" content=\"Escrito por\" \/>\n\t<meta name=\"twitter:data1\" content=\"LvDP.TV Synthetintelligence\u2122\" \/>\n\t<meta name=\"twitter:label2\" content=\"Tiempo de lectura\" \/>\n\t<meta name=\"twitter:data2\" content=\"1 minuto\" \/>\n\t<meta name=\"twitter:label3\" content=\"Written by\" \/>\n\t<meta name=\"twitter:data3\" content=\"LvDP.TV Synthetintelligence\u2122\" \/>\n<script type=\"application\/ld+json\" class=\"yoast-schema-graph\">{\"@context\":\"https:\\\/\\\/schema.org\",\"@graph\":[{\"@type\":\"Article\",\"@id\":\"https:\\\/\\\/www.livedeep.tv\\\/web\\\/es\\\/2020\\\/03\\\/reflejo-charly-alejo-valencia-la-reina-del-flow-%f0%9f%8e%b6-cancion-oficial-letra-caracol-tv\\\/#article\",\"isPartOf\":{\"@id\":\"https:\\\/\\\/www.livedeep.tv\\\/web\\\/es\\\/2020\\\/03\\\/reflejo-charly-alejo-valencia-la-reina-del-flow-%f0%9f%8e%b6-cancion-oficial-letra-caracol-tv\\\/\"},\"author\":{\"name\":\"LvDP.TV Synthetintelligence\u2122\",\"@id\":\"https:\\\/\\\/www.livedeep.tv\\\/web\\\/es\\\/#\\\/schema\\\/person\\\/0578354f0a78cc36dbf665f7a5f47946\"},\"headline\":\"Reflejo &#8211; Charly (Alejo Valencia) La Reina del Flow \ud83c\udfb6 Canci\u00f3n oficial &#8211; Letra | Caracol TV\",\"datePublished\":\"2020-03-08T13:25:27+00:00\",\"mainEntityOfPage\":{\"@id\":\"https:\\\/\\\/www.livedeep.tv\\\/web\\\/es\\\/2020\\\/03\\\/reflejo-charly-alejo-valencia-la-reina-del-flow-%f0%9f%8e%b6-cancion-oficial-letra-caracol-tv\\\/\"},\"wordCount\":297,\"commentCount\":0,\"publisher\":{\"@id\":\"https:\\\/\\\/www.livedeep.tv\\\/web\\\/es\\\/#organization\"},\"image\":{\"@id\":\"https:\\\/\\\/www.livedeep.tv\\\/web\\\/es\\\/2020\\\/03\\\/reflejo-charly-alejo-valencia-la-reina-del-flow-%f0%9f%8e%b6-cancion-oficial-letra-caracol-tv\\\/#primaryimage\"},\"thumbnailUrl\":\"https:\\\/\\\/www.livedeep.tv\\\/web\\\/wp-content\\\/uploads\\\/https:\\\/\\\/img.youtube.com\\\/vi\\\/uaH5LCPTyC8\\\/maxresdefault.jpg?\",\"articleSection\":[\"Estilo de Vida\"],\"inLanguage\":\"es\",\"potentialAction\":[{\"@type\":\"CommentAction\",\"name\":\"Comment\",\"target\":[\"https:\\\/\\\/www.livedeep.tv\\\/web\\\/es\\\/2020\\\/03\\\/reflejo-charly-alejo-valencia-la-reina-del-flow-%f0%9f%8e%b6-cancion-oficial-letra-caracol-tv\\\/#respond\"]}]},{\"@type\":\"WebPage\",\"@id\":\"https:\\\/\\\/www.livedeep.tv\\\/web\\\/es\\\/2020\\\/03\\\/reflejo-charly-alejo-valencia-la-reina-del-flow-%f0%9f%8e%b6-cancion-oficial-letra-caracol-tv\\\/\",\"url\":\"https:\\\/\\\/www.livedeep.tv\\\/web\\\/es\\\/2020\\\/03\\\/reflejo-charly-alejo-valencia-la-reina-del-flow-%f0%9f%8e%b6-cancion-oficial-letra-caracol-tv\\\/\",\"name\":\"Reflejo - Charly (Alejo Valencia) La Reina del Flow \ud83c\udfb6 Canci\u00f3n oficial - Letra | Caracol TV - LiveDEEP.TV\",\"isPartOf\":{\"@id\":\"https:\\\/\\\/www.livedeep.tv\\\/web\\\/es\\\/#website\"},\"primaryImageOfPage\":{\"@id\":\"https:\\\/\\\/www.livedeep.tv\\\/web\\\/es\\\/2020\\\/03\\\/reflejo-charly-alejo-valencia-la-reina-del-flow-%f0%9f%8e%b6-cancion-oficial-letra-caracol-tv\\\/#primaryimage\"},\"image\":{\"@id\":\"https:\\\/\\\/www.livedeep.tv\\\/web\\\/es\\\/2020\\\/03\\\/reflejo-charly-alejo-valencia-la-reina-del-flow-%f0%9f%8e%b6-cancion-oficial-letra-caracol-tv\\\/#primaryimage\"},\"thumbnailUrl\":\"https:\\\/\\\/www.livedeep.tv\\\/web\\\/wp-content\\\/uploads\\\/https:\\\/\\\/img.youtube.com\\\/vi\\\/uaH5LCPTyC8\\\/maxresdefault.jpg?\",\"datePublished\":\"2020-03-08T13:25:27+00:00\",\"breadcrumb\":{\"@id\":\"https:\\\/\\\/www.livedeep.tv\\\/web\\\/es\\\/2020\\\/03\\\/reflejo-charly-alejo-valencia-la-reina-del-flow-%f0%9f%8e%b6-cancion-oficial-letra-caracol-tv\\\/#breadcrumb\"},\"inLanguage\":\"es\",\"potentialAction\":[{\"@type\":\"ReadAction\",\"target\":[\"https:\\\/\\\/www.livedeep.tv\\\/web\\\/es\\\/2020\\\/03\\\/reflejo-charly-alejo-valencia-la-reina-del-flow-%f0%9f%8e%b6-cancion-oficial-letra-caracol-tv\\\/\"]}]},{\"@type\":\"ImageObject\",\"inLanguage\":\"es\",\"@id\":\"https:\\\/\\\/www.livedeep.tv\\\/web\\\/es\\\/2020\\\/03\\\/reflejo-charly-alejo-valencia-la-reina-del-flow-%f0%9f%8e%b6-cancion-oficial-letra-caracol-tv\\\/#primaryimage\",\"url\":\"https:\\\/\\\/www.livedeep.tv\\\/web\\\/wp-content\\\/uploads\\\/https:\\\/\\\/img.youtube.com\\\/vi\\\/uaH5LCPTyC8\\\/maxresdefault.jpg?\",\"contentUrl\":\"https:\\\/\\\/www.livedeep.tv\\\/web\\\/wp-content\\\/uploads\\\/https:\\\/\\\/img.youtube.com\\\/vi\\\/uaH5LCPTyC8\\\/maxresdefault.jpg?\"},{\"@type\":\"BreadcrumbList\",\"@id\":\"https:\\\/\\\/www.livedeep.tv\\\/web\\\/es\\\/2020\\\/03\\\/reflejo-charly-alejo-valencia-la-reina-del-flow-%f0%9f%8e%b6-cancion-oficial-letra-caracol-tv\\\/#breadcrumb\",\"itemListElement\":[{\"@type\":\"ListItem\",\"position\":1,\"name\":\"Home\",\"item\":\"https:\\\/\\\/www.livedeep.tv\\\/web\\\/es\\\/\"},{\"@type\":\"ListItem\",\"position\":2,\"name\":\"Reflejo &#8211; Charly (Alejo Valencia) La Reina del Flow \ud83c\udfb6 Canci\u00f3n oficial &#8211; Letra | Caracol TV\"}]},{\"@type\":\"WebSite\",\"@id\":\"https:\\\/\\\/www.livedeep.tv\\\/web\\\/es\\\/#website\",\"url\":\"https:\\\/\\\/www.livedeep.tv\\\/web\\\/es\\\/\",\"name\":\"LiveDEEP.TV\",\"description\":\"Just another WordPress site\",\"publisher\":{\"@id\":\"https:\\\/\\\/www.livedeep.tv\\\/web\\\/es\\\/#organization\"},\"potentialAction\":[{\"@type\":\"SearchAction\",\"target\":{\"@type\":\"EntryPoint\",\"urlTemplate\":\"https:\\\/\\\/www.livedeep.tv\\\/web\\\/es\\\/?s={search_term_string}\"},\"query-input\":{\"@type\":\"PropertyValueSpecification\",\"valueRequired\":true,\"valueName\":\"search_term_string\"}}],\"inLanguage\":\"es\"},{\"@type\":\"Organization\",\"@id\":\"https:\\\/\\\/www.livedeep.tv\\\/web\\\/es\\\/#organization\",\"name\":\"LiveDEEP.TV\",\"url\":\"https:\\\/\\\/www.livedeep.tv\\\/web\\\/es\\\/\",\"logo\":{\"@type\":\"ImageObject\",\"inLanguage\":\"es\",\"@id\":\"https:\\\/\\\/www.livedeep.tv\\\/web\\\/es\\\/#\\\/schema\\\/logo\\\/image\\\/\",\"url\":\"https:\\\/\\\/www.livedeep.tv\\\/web\\\/wp-content\\\/uploads\\\/2019\\\/10\\\/lvd-uplogoretina.png\",\"contentUrl\":\"https:\\\/\\\/www.livedeep.tv\\\/web\\\/wp-content\\\/uploads\\\/2019\\\/10\\\/lvd-uplogoretina.png\",\"width\":544,\"height\":173,\"caption\":\"LiveDEEP.TV\"},\"image\":{\"@id\":\"https:\\\/\\\/www.livedeep.tv\\\/web\\\/es\\\/#\\\/schema\\\/logo\\\/image\\\/\"}},{\"@type\":\"Person\",\"@id\":\"https:\\\/\\\/www.livedeep.tv\\\/web\\\/es\\\/#\\\/schema\\\/person\\\/0578354f0a78cc36dbf665f7a5f47946\",\"name\":\"LvDP.TV Synthetintelligence\u2122\",\"image\":{\"@type\":\"ImageObject\",\"inLanguage\":\"es\",\"@id\":\"https:\\\/\\\/www.livedeep.tv\\\/web\\\/wp-content\\\/uploads\\\/avatars\\\/1\\\/5d9525a1f239d-bpfull.jpg3d90d9a792288d4099044e0f9c3bf9c0\",\"url\":\"https:\\\/\\\/www.livedeep.tv\\\/web\\\/wp-content\\\/uploads\\\/avatars\\\/1\\\/5d9525a1f239d-bpfull.jpg\",\"contentUrl\":\"https:\\\/\\\/www.livedeep.tv\\\/web\\\/wp-content\\\/uploads\\\/avatars\\\/1\\\/5d9525a1f239d-bpfull.jpg\",\"caption\":\"LvDP.TV Synthetintelligence\u2122\"},\"description\":\"Any info about our website, please let me know. Thanks.\",\"sameAs\":[\"https:\\\/\\\/www.livedeep.tv\"],\"url\":\"https:\\\/\\\/www.livedeep.tv\\\/web\\\/es\\\/author\\\/infolivedeep-tv\\\/\"}]}<\/script>\n<!-- \/ Yoast SEO Premium plugin. -->","yoast_head_json":{"title":"Reflejo - Charly (Alejo Valencia) La Reina del Flow \ud83c\udfb6 Canci\u00f3n oficial - Letra | Caracol TV - LiveDEEP.TV","robots":{"index":"index","follow":"follow","max-snippet":"max-snippet:-1","max-image-preview":"max-image-preview:large","max-video-preview":"max-video-preview:-1"},"canonical":"https:\/\/www.livedeep.tv\/web\/es\/2020\/03\/reflejo-charly-alejo-valencia-la-reina-del-flow-\ud83c\udfb6-cancion-oficial-letra-caracol-tv\/","og_locale":"es_ES","og_type":"article","og_title":"Reflejo - Charly (Alejo Valencia) La Reina del Flow \ud83c\udfb6 Canci\u00f3n oficial - Letra | Caracol TV","og_description":"Canta las canciones de La Reina del Flow con la letra de la canci\u00f3n Reflejo, cantanda por Charly Flow. Comparte las canciones originales de La Reina del Flow. Letra de la canci\u00f3n Reflejo. #LaReinaDelFlow Autores: Nicol\u00e1s Uribe David Arias Botero Sebasti\u00e1n Luengas Suscr\u00edbete: S\u00edguenos: Instagram: Facebook: Pinterest: Twitter: La Reina del Flow: Yeimi Montoya (Mar\u00eda &hellip;","og_url":"https:\/\/www.livedeep.tv\/web\/es\/2020\/03\/reflejo-charly-alejo-valencia-la-reina-del-flow-\ud83c\udfb6-cancion-oficial-letra-caracol-tv\/","og_site_name":"LiveDEEP.TV","article_published_time":"2020-03-08T13:25:27+00:00","og_image":[{"url":"https:\/\/img.youtube.com\/vi\/uaH5LCPTyC8\/maxresdefault.jpg?","type":"","width":"","height":""}],"author":"LvDP.TV Synthetintelligence\u2122","twitter_card":"summary_large_image","twitter_image":"https:\/\/img.youtube.com\/vi\/uaH5LCPTyC8\/maxresdefault.jpg?","twitter_misc":{"Escrito por":"LvDP.TV Synthetintelligence\u2122","Tiempo de lectura":"1 minuto","Written by":"LvDP.TV Synthetintelligence\u2122"},"schema":{"@context":"https:\/\/schema.org","@graph":[{"@type":"Article","@id":"https:\/\/www.livedeep.tv\/web\/es\/2020\/03\/reflejo-charly-alejo-valencia-la-reina-del-flow-%f0%9f%8e%b6-cancion-oficial-letra-caracol-tv\/#article","isPartOf":{"@id":"https:\/\/www.livedeep.tv\/web\/es\/2020\/03\/reflejo-charly-alejo-valencia-la-reina-del-flow-%f0%9f%8e%b6-cancion-oficial-letra-caracol-tv\/"},"author":{"name":"LvDP.TV Synthetintelligence\u2122","@id":"https:\/\/www.livedeep.tv\/web\/es\/#\/schema\/person\/0578354f0a78cc36dbf665f7a5f47946"},"headline":"Reflejo &#8211; Charly (Alejo Valencia) La Reina del Flow \ud83c\udfb6 Canci\u00f3n oficial &#8211; Letra | Caracol TV","datePublished":"2020-03-08T13:25:27+00:00","mainEntityOfPage":{"@id":"https:\/\/www.livedeep.tv\/web\/es\/2020\/03\/reflejo-charly-alejo-valencia-la-reina-del-flow-%f0%9f%8e%b6-cancion-oficial-letra-caracol-tv\/"},"wordCount":297,"commentCount":0,"publisher":{"@id":"https:\/\/www.livedeep.tv\/web\/es\/#organization"},"image":{"@id":"https:\/\/www.livedeep.tv\/web\/es\/2020\/03\/reflejo-charly-alejo-valencia-la-reina-del-flow-%f0%9f%8e%b6-cancion-oficial-letra-caracol-tv\/#primaryimage"},"thumbnailUrl":"https:\/\/www.livedeep.tv\/web\/wp-content\/uploads\/https:\/\/img.youtube.com\/vi\/uaH5LCPTyC8\/maxresdefault.jpg?","articleSection":["Estilo de Vida"],"inLanguage":"es","potentialAction":[{"@type":"CommentAction","name":"Comment","target":["https:\/\/www.livedeep.tv\/web\/es\/2020\/03\/reflejo-charly-alejo-valencia-la-reina-del-flow-%f0%9f%8e%b6-cancion-oficial-letra-caracol-tv\/#respond"]}]},{"@type":"WebPage","@id":"https:\/\/www.livedeep.tv\/web\/es\/2020\/03\/reflejo-charly-alejo-valencia-la-reina-del-flow-%f0%9f%8e%b6-cancion-oficial-letra-caracol-tv\/","url":"https:\/\/www.livedeep.tv\/web\/es\/2020\/03\/reflejo-charly-alejo-valencia-la-reina-del-flow-%f0%9f%8e%b6-cancion-oficial-letra-caracol-tv\/","name":"Reflejo - Charly (Alejo Valencia) La Reina del Flow \ud83c\udfb6 Canci\u00f3n oficial - Letra | Caracol TV - LiveDEEP.TV","isPartOf":{"@id":"https:\/\/www.livedeep.tv\/web\/es\/#website"},"primaryImageOfPage":{"@id":"https:\/\/www.livedeep.tv\/web\/es\/2020\/03\/reflejo-charly-alejo-valencia-la-reina-del-flow-%f0%9f%8e%b6-cancion-oficial-letra-caracol-tv\/#primaryimage"},"image":{"@id":"https:\/\/www.livedeep.tv\/web\/es\/2020\/03\/reflejo-charly-alejo-valencia-la-reina-del-flow-%f0%9f%8e%b6-cancion-oficial-letra-caracol-tv\/#primaryimage"},"thumbnailUrl":"https:\/\/www.livedeep.tv\/web\/wp-content\/uploads\/https:\/\/img.youtube.com\/vi\/uaH5LCPTyC8\/maxresdefault.jpg?","datePublished":"2020-03-08T13:25:27+00:00","breadcrumb":{"@id":"https:\/\/www.livedeep.tv\/web\/es\/2020\/03\/reflejo-charly-alejo-valencia-la-reina-del-flow-%f0%9f%8e%b6-cancion-oficial-letra-caracol-tv\/#breadcrumb"},"inLanguage":"es","potentialAction":[{"@type":"ReadAction","target":["https:\/\/www.livedeep.tv\/web\/es\/2020\/03\/reflejo-charly-alejo-valencia-la-reina-del-flow-%f0%9f%8e%b6-cancion-oficial-letra-caracol-tv\/"]}]},{"@type":"ImageObject","inLanguage":"es","@id":"https:\/\/www.livedeep.tv\/web\/es\/2020\/03\/reflejo-charly-alejo-valencia-la-reina-del-flow-%f0%9f%8e%b6-cancion-oficial-letra-caracol-tv\/#primaryimage","url":"https:\/\/www.livedeep.tv\/web\/wp-content\/uploads\/https:\/\/img.youtube.com\/vi\/uaH5LCPTyC8\/maxresdefault.jpg?","contentUrl":"https:\/\/www.livedeep.tv\/web\/wp-content\/uploads\/https:\/\/img.youtube.com\/vi\/uaH5LCPTyC8\/maxresdefault.jpg?"},{"@type":"BreadcrumbList","@id":"https:\/\/www.livedeep.tv\/web\/es\/2020\/03\/reflejo-charly-alejo-valencia-la-reina-del-flow-%f0%9f%8e%b6-cancion-oficial-letra-caracol-tv\/#breadcrumb","itemListElement":[{"@type":"ListItem","position":1,"name":"Home","item":"https:\/\/www.livedeep.tv\/web\/es\/"},{"@type":"ListItem","position":2,"name":"Reflejo &#8211; Charly (Alejo Valencia) La Reina del Flow \ud83c\udfb6 Canci\u00f3n oficial &#8211; Letra | Caracol TV"}]},{"@type":"WebSite","@id":"https:\/\/www.livedeep.tv\/web\/es\/#website","url":"https:\/\/www.livedeep.tv\/web\/es\/","name":"LiveDEEP.TV","description":"Just another WordPress site","publisher":{"@id":"https:\/\/www.livedeep.tv\/web\/es\/#organization"},"potentialAction":[{"@type":"SearchAction","target":{"@type":"EntryPoint","urlTemplate":"https:\/\/www.livedeep.tv\/web\/es\/?s={search_term_string}"},"query-input":{"@type":"PropertyValueSpecification","valueRequired":true,"valueName":"search_term_string"}}],"inLanguage":"es"},{"@type":"Organization","@id":"https:\/\/www.livedeep.tv\/web\/es\/#organization","name":"LiveDEEP.TV","url":"https:\/\/www.livedeep.tv\/web\/es\/","logo":{"@type":"ImageObject","inLanguage":"es","@id":"https:\/\/www.livedeep.tv\/web\/es\/#\/schema\/logo\/image\/","url":"https:\/\/www.livedeep.tv\/web\/wp-content\/uploads\/2019\/10\/lvd-uplogoretina.png","contentUrl":"https:\/\/www.livedeep.tv\/web\/wp-content\/uploads\/2019\/10\/lvd-uplogoretina.png","width":544,"height":173,"caption":"LiveDEEP.TV"},"image":{"@id":"https:\/\/www.livedeep.tv\/web\/es\/#\/schema\/logo\/image\/"}},{"@type":"Person","@id":"https:\/\/www.livedeep.tv\/web\/es\/#\/schema\/person\/0578354f0a78cc36dbf665f7a5f47946","name":"LvDP.TV Synthetintelligence\u2122","image":{"@type":"ImageObject","inLanguage":"es","@id":"https:\/\/www.livedeep.tv\/web\/wp-content\/uploads\/avatars\/1\/5d9525a1f239d-bpfull.jpg3d90d9a792288d4099044e0f9c3bf9c0","url":"https:\/\/www.livedeep.tv\/web\/wp-content\/uploads\/avatars\/1\/5d9525a1f239d-bpfull.jpg","contentUrl":"https:\/\/www.livedeep.tv\/web\/wp-content\/uploads\/avatars\/1\/5d9525a1f239d-bpfull.jpg","caption":"LvDP.TV Synthetintelligence\u2122"},"description":"Any info about our website, please let me know. Thanks.","sameAs":["https:\/\/www.livedeep.tv"],"url":"https:\/\/www.livedeep.tv\/web\/es\/author\/infolivedeep-tv\/"}]}},"amp_enabled":true,"fifu_video_url":"https:\/\/www.youtube.com\/embed\/uaH5LCPTyC8","_links":{"self":[{"href":"https:\/\/www.livedeep.tv\/web\/es\/wp-json\/wp\/v2\/posts\/6586","targetHints":{"allow":["GET"]}}],"collection":[{"href":"https:\/\/www.livedeep.tv\/web\/es\/wp-json\/wp\/v2\/posts"}],"about":[{"href":"https:\/\/www.livedeep.tv\/web\/es\/wp-json\/wp\/v2\/types\/post"}],"author":[{"embeddable":true,"href":"https:\/\/www.livedeep.tv\/web\/es\/wp-json\/wp\/v2\/users\/1"}],"replies":[{"embeddable":true,"href":"https:\/\/www.livedeep.tv\/web\/es\/wp-json\/wp\/v2\/comments?post=6586"}],"version-history":[{"count":0,"href":"https:\/\/www.livedeep.tv\/web\/es\/wp-json\/wp\/v2\/posts\/6586\/revisions"}],"wp:featuredmedia":[{"embeddable":true,"href":"https:\/\/www.livedeep.tv\/web\/es\/wp-json\/wp\/v2\/media\/332481"}],"wp:attachment":[{"href":"https:\/\/www.livedeep.tv\/web\/es\/wp-json\/wp\/v2\/media?parent=6586"}],"wp:term":[{"taxonomy":"category","embeddable":true,"href":"https:\/\/www.livedeep.tv\/web\/es\/wp-json\/wp\/v2\/categories?post=6586"},{"taxonomy":"post_tag","embeddable":true,"href":"https:\/\/www.livedeep.tv\/web\/es\/wp-json\/wp\/v2\/tags?post=6586"},{"taxonomy":"author","embeddable":true,"href":"https:\/\/www.livedeep.tv\/web\/es\/wp-json\/wp\/v2\/coauthors?post=6586"}],"curies":[{"name":"wp","href":"https:\/\/api.w.org\/{rel}","templated":true}]}}