{"id":5198,"date":"2020-02-12T16:54:54","date_gmt":"2020-02-13T00:54:54","guid":{"rendered":"https:\/\/www.livedeep.tv\/2020\/02\/nada-vale-mas-que-una-vida-luchen-por-la-felicidad-mujica\/"},"modified":"2020-02-12T16:54:54","modified_gmt":"2020-02-13T00:54:54","slug":"nada-vale-mas-que-una-vida-luchen-por-la-felicidad-mujica","status":"publish","type":"post","link":"https:\/\/www.livedeep.tv\/web\/es\/2020\/02\/nada-vale-mas-que-una-vida-luchen-por-la-felicidad-mujica\/","title":{"rendered":"Nada vale m\u00e1s que una vida, luchen por la felicidad: Mujica"},"content":{"rendered":"<p><iframe loading=\"lazy\"  width=\"580\" height=\"385\" src=\"https:\/\/www.youtube.com\/embed\/8U5rH4z3_uA?rel=0&#038;modestbranding=1\" frameborder=\"0\" allowfullscreen><\/iframe><br \/>\n<br \/>El presidente de Uruguay, Jos\u00e9 \u00abPepe\u00bb Mujica, recibi\u00f3 este jueves la distinci\u00f3n Orden Nacional al M\u00e9rito en grado de Gran Collar en Ecuador, en medio de un sentido homenaje del pueblo de Guayaquil durante el traspaso de la presidencia pro t\u00e9mpore de la Uni\u00f3n de Naciones Suramericanas (UNASUR). Mujica consider\u00f3  ser un luchador incansable sin vocaci\u00f3n de h\u00e9roe pero contrario a la injusticia social. \u201cAgradezco a todos por este bello homenaje, pero al salir de aqu\u00ed sigo siendo el mismo viejo lleno de sue\u00f1os y esperanzas\u201d, dijo el mandatario. teleSUR<br \/>\n<br \/><a href=\"https:\/\/www.youtube.com\/watch?v=8U5rH4z3_uA\">source<\/a><\/p>\n","protected":false},"excerpt":{"rendered":"<p>El presidente de Uruguay, Jos\u00e9 \u00abPepe\u00bb Mujica, recibi\u00f3 este jueves la distinci\u00f3n Orden Nacional al M\u00e9rito en grado de Gran Collar en Ecuador, en medio de un sentido homenaje del pueblo de Guayaquil durante el traspaso de la presidencia pro t\u00e9mpore de la Uni\u00f3n de Naciones Suramericanas (UNASUR). Mujica consider\u00f3 ser un luchador incansable sin &hellip;<\/p>\n","protected":false},"author":1,"featured_media":331820,"comment_status":"open","ping_status":"closed","sticky":false,"template":"","format":"standard","meta":{"footnotes":""},"categories":[120],"tags":[],"coauthors":[62],"class_list":["post-5198","post","type-post","status-publish","format-standard","has-post-thumbnail","hentry","category-mundo"],"yoast_head":"<!-- This site is optimized with the Yoast SEO Premium plugin v26.6 (Yoast SEO v27.5) - https:\/\/yoast.com\/product\/yoast-seo-premium-wordpress\/ -->\n<title>Nada vale m\u00e1s que una vida, luchen por la felicidad: Mujica - LiveDEEP.TV<\/title>\n<meta name=\"robots\" content=\"index, follow, max-snippet:-1, max-image-preview:large, max-video-preview:-1\" \/>\n<link rel=\"canonical\" href=\"https:\/\/www.livedeep.tv\/web\/es\/2020\/02\/nada-vale-mas-que-una-vida-luchen-por-la-felicidad-mujica\/\" \/>\n<meta property=\"og:locale\" content=\"es_ES\" \/>\n<meta property=\"og:type\" content=\"article\" \/>\n<meta property=\"og:title\" content=\"Nada vale m\u00e1s que una vida, luchen por la felicidad: Mujica\" \/>\n<meta property=\"og:description\" content=\"El presidente de Uruguay, Jos\u00e9 \u00abPepe\u00bb Mujica, recibi\u00f3 este jueves la distinci\u00f3n Orden Nacional al M\u00e9rito en grado de Gran Collar en Ecuador, en medio de un sentido homenaje del pueblo de Guayaquil durante el traspaso de la presidencia pro t\u00e9mpore de la Uni\u00f3n de Naciones Suramericanas (UNASUR). Mujica consider\u00f3 ser un luchador incansable sin &hellip;\" \/>\n<meta property=\"og:url\" content=\"https:\/\/www.livedeep.tv\/web\/es\/2020\/02\/nada-vale-mas-que-una-vida-luchen-por-la-felicidad-mujica\/\" \/>\n<meta property=\"og:site_name\" content=\"LiveDEEP.TV\" \/>\n<meta property=\"article:published_time\" content=\"2020-02-13T00:54:54+00:00\" \/>\n<meta property=\"og:image\" content=\"https:\/\/img.youtube.com\/vi\/8U5rH4z3_uA\/maxresdefault.jpg?\" \/><meta property=\"og:image\" content=\"https:\/\/img.youtube.com\/vi\/8U5rH4z3_uA\/maxresdefault.jpg?\" \/>\n\t<meta property=\"og:image:width\" content=\"480\" \/>\n\t<meta property=\"og:image:height\" content=\"360\" \/>\n\t<meta property=\"og:image:type\" content=\"image\/jpeg\" \/>\n<meta name=\"author\" content=\"LvDP.TV Synthetintelligence\u2122\" \/>\n<meta name=\"twitter:card\" content=\"summary_large_image\" \/>\n<meta name=\"twitter:image\" content=\"https:\/\/img.youtube.com\/vi\/8U5rH4z3_uA\/maxresdefault.jpg?\" \/>\n<meta name=\"twitter:label1\" content=\"Escrito por\" \/>\n\t<meta name=\"twitter:data1\" content=\"LvDP.TV Synthetintelligence\u2122\" \/>\n\t<meta name=\"twitter:label2\" content=\"Written by\" \/>\n\t<meta name=\"twitter:data2\" content=\"LvDP.TV Synthetintelligence\u2122\" \/>\n<script type=\"application\/ld+json\" class=\"yoast-schema-graph\">{\"@context\":\"https:\\\/\\\/schema.org\",\"@graph\":[{\"@type\":\"Article\",\"@id\":\"https:\\\/\\\/www.livedeep.tv\\\/web\\\/es\\\/2020\\\/02\\\/nada-vale-mas-que-una-vida-luchen-por-la-felicidad-mujica\\\/#article\",\"isPartOf\":{\"@id\":\"https:\\\/\\\/www.livedeep.tv\\\/web\\\/es\\\/2020\\\/02\\\/nada-vale-mas-que-una-vida-luchen-por-la-felicidad-mujica\\\/\"},\"author\":{\"name\":\"LvDP.TV Synthetintelligence\u2122\",\"@id\":\"https:\\\/\\\/www.livedeep.tv\\\/web\\\/es\\\/#\\\/schema\\\/person\\\/0578354f0a78cc36dbf665f7a5f47946\"},\"headline\":\"Nada vale m\u00e1s que una vida, luchen por la felicidad: Mujica\",\"datePublished\":\"2020-02-13T00:54:54+00:00\",\"mainEntityOfPage\":{\"@id\":\"https:\\\/\\\/www.livedeep.tv\\\/web\\\/es\\\/2020\\\/02\\\/nada-vale-mas-que-una-vida-luchen-por-la-felicidad-mujica\\\/\"},\"wordCount\":110,\"commentCount\":0,\"publisher\":{\"@id\":\"https:\\\/\\\/www.livedeep.tv\\\/web\\\/es\\\/#organization\"},\"image\":{\"@id\":\"https:\\\/\\\/www.livedeep.tv\\\/web\\\/es\\\/2020\\\/02\\\/nada-vale-mas-que-una-vida-luchen-por-la-felicidad-mujica\\\/#primaryimage\"},\"thumbnailUrl\":\"https:\\\/\\\/www.livedeep.tv\\\/web\\\/wp-content\\\/uploads\\\/https:\\\/\\\/img.youtube.com\\\/vi\\\/8U5rH4z3_uA\\\/maxresdefault.jpg?\",\"articleSection\":[\"Mundo\"],\"inLanguage\":\"es\",\"potentialAction\":[{\"@type\":\"CommentAction\",\"name\":\"Comment\",\"target\":[\"https:\\\/\\\/www.livedeep.tv\\\/web\\\/es\\\/2020\\\/02\\\/nada-vale-mas-que-una-vida-luchen-por-la-felicidad-mujica\\\/#respond\"]}]},{\"@type\":\"WebPage\",\"@id\":\"https:\\\/\\\/www.livedeep.tv\\\/web\\\/es\\\/2020\\\/02\\\/nada-vale-mas-que-una-vida-luchen-por-la-felicidad-mujica\\\/\",\"url\":\"https:\\\/\\\/www.livedeep.tv\\\/web\\\/es\\\/2020\\\/02\\\/nada-vale-mas-que-una-vida-luchen-por-la-felicidad-mujica\\\/\",\"name\":\"Nada vale m\u00e1s que una vida, luchen por la felicidad: Mujica - LiveDEEP.TV\",\"isPartOf\":{\"@id\":\"https:\\\/\\\/www.livedeep.tv\\\/web\\\/es\\\/#website\"},\"primaryImageOfPage\":{\"@id\":\"https:\\\/\\\/www.livedeep.tv\\\/web\\\/es\\\/2020\\\/02\\\/nada-vale-mas-que-una-vida-luchen-por-la-felicidad-mujica\\\/#primaryimage\"},\"image\":{\"@id\":\"https:\\\/\\\/www.livedeep.tv\\\/web\\\/es\\\/2020\\\/02\\\/nada-vale-mas-que-una-vida-luchen-por-la-felicidad-mujica\\\/#primaryimage\"},\"thumbnailUrl\":\"https:\\\/\\\/www.livedeep.tv\\\/web\\\/wp-content\\\/uploads\\\/https:\\\/\\\/img.youtube.com\\\/vi\\\/8U5rH4z3_uA\\\/maxresdefault.jpg?\",\"datePublished\":\"2020-02-13T00:54:54+00:00\",\"breadcrumb\":{\"@id\":\"https:\\\/\\\/www.livedeep.tv\\\/web\\\/es\\\/2020\\\/02\\\/nada-vale-mas-que-una-vida-luchen-por-la-felicidad-mujica\\\/#breadcrumb\"},\"inLanguage\":\"es\",\"potentialAction\":[{\"@type\":\"ReadAction\",\"target\":[\"https:\\\/\\\/www.livedeep.tv\\\/web\\\/es\\\/2020\\\/02\\\/nada-vale-mas-que-una-vida-luchen-por-la-felicidad-mujica\\\/\"]}]},{\"@type\":\"ImageObject\",\"inLanguage\":\"es\",\"@id\":\"https:\\\/\\\/www.livedeep.tv\\\/web\\\/es\\\/2020\\\/02\\\/nada-vale-mas-que-una-vida-luchen-por-la-felicidad-mujica\\\/#primaryimage\",\"url\":\"https:\\\/\\\/www.livedeep.tv\\\/web\\\/wp-content\\\/uploads\\\/https:\\\/\\\/img.youtube.com\\\/vi\\\/8U5rH4z3_uA\\\/maxresdefault.jpg?\",\"contentUrl\":\"https:\\\/\\\/www.livedeep.tv\\\/web\\\/wp-content\\\/uploads\\\/https:\\\/\\\/img.youtube.com\\\/vi\\\/8U5rH4z3_uA\\\/maxresdefault.jpg?\"},{\"@type\":\"BreadcrumbList\",\"@id\":\"https:\\\/\\\/www.livedeep.tv\\\/web\\\/es\\\/2020\\\/02\\\/nada-vale-mas-que-una-vida-luchen-por-la-felicidad-mujica\\\/#breadcrumb\",\"itemListElement\":[{\"@type\":\"ListItem\",\"position\":1,\"name\":\"Home\",\"item\":\"https:\\\/\\\/www.livedeep.tv\\\/web\\\/es\\\/\"},{\"@type\":\"ListItem\",\"position\":2,\"name\":\"Nada vale m\u00e1s que una vida, luchen por la felicidad: Mujica\"}]},{\"@type\":\"WebSite\",\"@id\":\"https:\\\/\\\/www.livedeep.tv\\\/web\\\/es\\\/#website\",\"url\":\"https:\\\/\\\/www.livedeep.tv\\\/web\\\/es\\\/\",\"name\":\"LiveDEEP.TV\",\"description\":\"Just another WordPress site\",\"publisher\":{\"@id\":\"https:\\\/\\\/www.livedeep.tv\\\/web\\\/es\\\/#organization\"},\"potentialAction\":[{\"@type\":\"SearchAction\",\"target\":{\"@type\":\"EntryPoint\",\"urlTemplate\":\"https:\\\/\\\/www.livedeep.tv\\\/web\\\/es\\\/?s={search_term_string}\"},\"query-input\":{\"@type\":\"PropertyValueSpecification\",\"valueRequired\":true,\"valueName\":\"search_term_string\"}}],\"inLanguage\":\"es\"},{\"@type\":\"Organization\",\"@id\":\"https:\\\/\\\/www.livedeep.tv\\\/web\\\/es\\\/#organization\",\"name\":\"LiveDEEP.TV\",\"url\":\"https:\\\/\\\/www.livedeep.tv\\\/web\\\/es\\\/\",\"logo\":{\"@type\":\"ImageObject\",\"inLanguage\":\"es\",\"@id\":\"https:\\\/\\\/www.livedeep.tv\\\/web\\\/es\\\/#\\\/schema\\\/logo\\\/image\\\/\",\"url\":\"https:\\\/\\\/www.livedeep.tv\\\/web\\\/wp-content\\\/uploads\\\/2019\\\/10\\\/lvd-uplogoretina.png\",\"contentUrl\":\"https:\\\/\\\/www.livedeep.tv\\\/web\\\/wp-content\\\/uploads\\\/2019\\\/10\\\/lvd-uplogoretina.png\",\"width\":544,\"height\":173,\"caption\":\"LiveDEEP.TV\"},\"image\":{\"@id\":\"https:\\\/\\\/www.livedeep.tv\\\/web\\\/es\\\/#\\\/schema\\\/logo\\\/image\\\/\"}},{\"@type\":\"Person\",\"@id\":\"https:\\\/\\\/www.livedeep.tv\\\/web\\\/es\\\/#\\\/schema\\\/person\\\/0578354f0a78cc36dbf665f7a5f47946\",\"name\":\"LvDP.TV Synthetintelligence\u2122\",\"image\":{\"@type\":\"ImageObject\",\"inLanguage\":\"es\",\"@id\":\"https:\\\/\\\/www.livedeep.tv\\\/web\\\/wp-content\\\/uploads\\\/avatars\\\/1\\\/5d9525a1f239d-bpfull.jpg3d90d9a792288d4099044e0f9c3bf9c0\",\"url\":\"https:\\\/\\\/www.livedeep.tv\\\/web\\\/wp-content\\\/uploads\\\/avatars\\\/1\\\/5d9525a1f239d-bpfull.jpg\",\"contentUrl\":\"https:\\\/\\\/www.livedeep.tv\\\/web\\\/wp-content\\\/uploads\\\/avatars\\\/1\\\/5d9525a1f239d-bpfull.jpg\",\"caption\":\"LvDP.TV Synthetintelligence\u2122\"},\"description\":\"Any info about our website, please let me know. Thanks.\",\"sameAs\":[\"https:\\\/\\\/www.livedeep.tv\"],\"url\":\"https:\\\/\\\/www.livedeep.tv\\\/web\\\/es\\\/author\\\/infolivedeep-tv\\\/\"}]}<\/script>\n<!-- \/ Yoast SEO Premium plugin. -->","yoast_head_json":{"title":"Nada vale m\u00e1s que una vida, luchen por la felicidad: Mujica - LiveDEEP.TV","robots":{"index":"index","follow":"follow","max-snippet":"max-snippet:-1","max-image-preview":"max-image-preview:large","max-video-preview":"max-video-preview:-1"},"canonical":"https:\/\/www.livedeep.tv\/web\/es\/2020\/02\/nada-vale-mas-que-una-vida-luchen-por-la-felicidad-mujica\/","og_locale":"es_ES","og_type":"article","og_title":"Nada vale m\u00e1s que una vida, luchen por la felicidad: Mujica","og_description":"El presidente de Uruguay, Jos\u00e9 \u00abPepe\u00bb Mujica, recibi\u00f3 este jueves la distinci\u00f3n Orden Nacional al M\u00e9rito en grado de Gran Collar en Ecuador, en medio de un sentido homenaje del pueblo de Guayaquil durante el traspaso de la presidencia pro t\u00e9mpore de la Uni\u00f3n de Naciones Suramericanas (UNASUR). Mujica consider\u00f3 ser un luchador incansable sin &hellip;","og_url":"https:\/\/www.livedeep.tv\/web\/es\/2020\/02\/nada-vale-mas-que-una-vida-luchen-por-la-felicidad-mujica\/","og_site_name":"LiveDEEP.TV","article_published_time":"2020-02-13T00:54:54+00:00","og_image":[{"url":"https:\/\/img.youtube.com\/vi\/8U5rH4z3_uA\/maxresdefault.jpg?","type":"","width":"","height":""},{"width":480,"height":360,"url":"https:\/\/img.youtube.com\/vi\/8U5rH4z3_uA\/maxresdefault.jpg?","type":"image\/jpeg"}],"author":"LvDP.TV Synthetintelligence\u2122","twitter_card":"summary_large_image","twitter_image":"https:\/\/img.youtube.com\/vi\/8U5rH4z3_uA\/maxresdefault.jpg?","twitter_misc":{"Escrito por":"LvDP.TV Synthetintelligence\u2122","Written by":"LvDP.TV Synthetintelligence\u2122"},"schema":{"@context":"https:\/\/schema.org","@graph":[{"@type":"Article","@id":"https:\/\/www.livedeep.tv\/web\/es\/2020\/02\/nada-vale-mas-que-una-vida-luchen-por-la-felicidad-mujica\/#article","isPartOf":{"@id":"https:\/\/www.livedeep.tv\/web\/es\/2020\/02\/nada-vale-mas-que-una-vida-luchen-por-la-felicidad-mujica\/"},"author":{"name":"LvDP.TV Synthetintelligence\u2122","@id":"https:\/\/www.livedeep.tv\/web\/es\/#\/schema\/person\/0578354f0a78cc36dbf665f7a5f47946"},"headline":"Nada vale m\u00e1s que una vida, luchen por la felicidad: Mujica","datePublished":"2020-02-13T00:54:54+00:00","mainEntityOfPage":{"@id":"https:\/\/www.livedeep.tv\/web\/es\/2020\/02\/nada-vale-mas-que-una-vida-luchen-por-la-felicidad-mujica\/"},"wordCount":110,"commentCount":0,"publisher":{"@id":"https:\/\/www.livedeep.tv\/web\/es\/#organization"},"image":{"@id":"https:\/\/www.livedeep.tv\/web\/es\/2020\/02\/nada-vale-mas-que-una-vida-luchen-por-la-felicidad-mujica\/#primaryimage"},"thumbnailUrl":"https:\/\/www.livedeep.tv\/web\/wp-content\/uploads\/https:\/\/img.youtube.com\/vi\/8U5rH4z3_uA\/maxresdefault.jpg?","articleSection":["Mundo"],"inLanguage":"es","potentialAction":[{"@type":"CommentAction","name":"Comment","target":["https:\/\/www.livedeep.tv\/web\/es\/2020\/02\/nada-vale-mas-que-una-vida-luchen-por-la-felicidad-mujica\/#respond"]}]},{"@type":"WebPage","@id":"https:\/\/www.livedeep.tv\/web\/es\/2020\/02\/nada-vale-mas-que-una-vida-luchen-por-la-felicidad-mujica\/","url":"https:\/\/www.livedeep.tv\/web\/es\/2020\/02\/nada-vale-mas-que-una-vida-luchen-por-la-felicidad-mujica\/","name":"Nada vale m\u00e1s que una vida, luchen por la felicidad: Mujica - LiveDEEP.TV","isPartOf":{"@id":"https:\/\/www.livedeep.tv\/web\/es\/#website"},"primaryImageOfPage":{"@id":"https:\/\/www.livedeep.tv\/web\/es\/2020\/02\/nada-vale-mas-que-una-vida-luchen-por-la-felicidad-mujica\/#primaryimage"},"image":{"@id":"https:\/\/www.livedeep.tv\/web\/es\/2020\/02\/nada-vale-mas-que-una-vida-luchen-por-la-felicidad-mujica\/#primaryimage"},"thumbnailUrl":"https:\/\/www.livedeep.tv\/web\/wp-content\/uploads\/https:\/\/img.youtube.com\/vi\/8U5rH4z3_uA\/maxresdefault.jpg?","datePublished":"2020-02-13T00:54:54+00:00","breadcrumb":{"@id":"https:\/\/www.livedeep.tv\/web\/es\/2020\/02\/nada-vale-mas-que-una-vida-luchen-por-la-felicidad-mujica\/#breadcrumb"},"inLanguage":"es","potentialAction":[{"@type":"ReadAction","target":["https:\/\/www.livedeep.tv\/web\/es\/2020\/02\/nada-vale-mas-que-una-vida-luchen-por-la-felicidad-mujica\/"]}]},{"@type":"ImageObject","inLanguage":"es","@id":"https:\/\/www.livedeep.tv\/web\/es\/2020\/02\/nada-vale-mas-que-una-vida-luchen-por-la-felicidad-mujica\/#primaryimage","url":"https:\/\/www.livedeep.tv\/web\/wp-content\/uploads\/https:\/\/img.youtube.com\/vi\/8U5rH4z3_uA\/maxresdefault.jpg?","contentUrl":"https:\/\/www.livedeep.tv\/web\/wp-content\/uploads\/https:\/\/img.youtube.com\/vi\/8U5rH4z3_uA\/maxresdefault.jpg?"},{"@type":"BreadcrumbList","@id":"https:\/\/www.livedeep.tv\/web\/es\/2020\/02\/nada-vale-mas-que-una-vida-luchen-por-la-felicidad-mujica\/#breadcrumb","itemListElement":[{"@type":"ListItem","position":1,"name":"Home","item":"https:\/\/www.livedeep.tv\/web\/es\/"},{"@type":"ListItem","position":2,"name":"Nada vale m\u00e1s que una vida, luchen por la felicidad: Mujica"}]},{"@type":"WebSite","@id":"https:\/\/www.livedeep.tv\/web\/es\/#website","url":"https:\/\/www.livedeep.tv\/web\/es\/","name":"LiveDEEP.TV","description":"Just another WordPress site","publisher":{"@id":"https:\/\/www.livedeep.tv\/web\/es\/#organization"},"potentialAction":[{"@type":"SearchAction","target":{"@type":"EntryPoint","urlTemplate":"https:\/\/www.livedeep.tv\/web\/es\/?s={search_term_string}"},"query-input":{"@type":"PropertyValueSpecification","valueRequired":true,"valueName":"search_term_string"}}],"inLanguage":"es"},{"@type":"Organization","@id":"https:\/\/www.livedeep.tv\/web\/es\/#organization","name":"LiveDEEP.TV","url":"https:\/\/www.livedeep.tv\/web\/es\/","logo":{"@type":"ImageObject","inLanguage":"es","@id":"https:\/\/www.livedeep.tv\/web\/es\/#\/schema\/logo\/image\/","url":"https:\/\/www.livedeep.tv\/web\/wp-content\/uploads\/2019\/10\/lvd-uplogoretina.png","contentUrl":"https:\/\/www.livedeep.tv\/web\/wp-content\/uploads\/2019\/10\/lvd-uplogoretina.png","width":544,"height":173,"caption":"LiveDEEP.TV"},"image":{"@id":"https:\/\/www.livedeep.tv\/web\/es\/#\/schema\/logo\/image\/"}},{"@type":"Person","@id":"https:\/\/www.livedeep.tv\/web\/es\/#\/schema\/person\/0578354f0a78cc36dbf665f7a5f47946","name":"LvDP.TV Synthetintelligence\u2122","image":{"@type":"ImageObject","inLanguage":"es","@id":"https:\/\/www.livedeep.tv\/web\/wp-content\/uploads\/avatars\/1\/5d9525a1f239d-bpfull.jpg3d90d9a792288d4099044e0f9c3bf9c0","url":"https:\/\/www.livedeep.tv\/web\/wp-content\/uploads\/avatars\/1\/5d9525a1f239d-bpfull.jpg","contentUrl":"https:\/\/www.livedeep.tv\/web\/wp-content\/uploads\/avatars\/1\/5d9525a1f239d-bpfull.jpg","caption":"LvDP.TV Synthetintelligence\u2122"},"description":"Any info about our website, please let me know. Thanks.","sameAs":["https:\/\/www.livedeep.tv"],"url":"https:\/\/www.livedeep.tv\/web\/es\/author\/infolivedeep-tv\/"}]}},"amp_enabled":true,"fifu_video_url":"https:\/\/www.youtube.com\/embed\/8U5rH4z3_uA","_links":{"self":[{"href":"https:\/\/www.livedeep.tv\/web\/es\/wp-json\/wp\/v2\/posts\/5198","targetHints":{"allow":["GET"]}}],"collection":[{"href":"https:\/\/www.livedeep.tv\/web\/es\/wp-json\/wp\/v2\/posts"}],"about":[{"href":"https:\/\/www.livedeep.tv\/web\/es\/wp-json\/wp\/v2\/types\/post"}],"author":[{"embeddable":true,"href":"https:\/\/www.livedeep.tv\/web\/es\/wp-json\/wp\/v2\/users\/1"}],"replies":[{"embeddable":true,"href":"https:\/\/www.livedeep.tv\/web\/es\/wp-json\/wp\/v2\/comments?post=5198"}],"version-history":[{"count":0,"href":"https:\/\/www.livedeep.tv\/web\/es\/wp-json\/wp\/v2\/posts\/5198\/revisions"}],"wp:featuredmedia":[{"embeddable":true,"href":"https:\/\/www.livedeep.tv\/web\/es\/wp-json\/wp\/v2\/media\/331820"}],"wp:attachment":[{"href":"https:\/\/www.livedeep.tv\/web\/es\/wp-json\/wp\/v2\/media?parent=5198"}],"wp:term":[{"taxonomy":"category","embeddable":true,"href":"https:\/\/www.livedeep.tv\/web\/es\/wp-json\/wp\/v2\/categories?post=5198"},{"taxonomy":"post_tag","embeddable":true,"href":"https:\/\/www.livedeep.tv\/web\/es\/wp-json\/wp\/v2\/tags?post=5198"},{"taxonomy":"author","embeddable":true,"href":"https:\/\/www.livedeep.tv\/web\/es\/wp-json\/wp\/v2\/coauthors?post=5198"}],"curies":[{"name":"wp","href":"https:\/\/api.w.org\/{rel}","templated":true}]}}