{"id":327873,"date":"2023-09-01T20:22:11","date_gmt":"2023-09-02T03:22:11","guid":{"rendered":"https:\/\/www.livedeep.tv\/web\/2023\/09\/rail-strikes-unions-either-dont-have-a-good-events-calendar-or-its-been-done-deliberately\/"},"modified":"2023-09-01T20:22:11","modified_gmt":"2023-09-02T03:22:11","slug":"rail-strikes-unions-either-dont-have-a-good-events-calendar-or-its-been-done-deliberately","status":"publish","type":"post","link":"https:\/\/www.livedeep.tv\/web\/es\/2023\/09\/rail-strikes-unions-either-dont-have-a-good-events-calendar-or-its-been-done-deliberately\/","title":{"rendered":"Rail Strikes: &#8216;Unions either don&#8217;t have a good events calendar &#8211; or it&#8217;s been done deliberately&#8217;"},"content":{"rendered":"<p><iframe loading=\"lazy\"  width=\"580\" height=\"385\" src=\"https:\/\/www.youtube.com\/embed\/3ceqlJlCSEw?rel=0&#038;modestbranding=1\" frameborder=\"0\" allowfullscreen><\/iframe><br \/>\n<br \/>Huw Merriman, the rail minister, has told Sky News that it is likely rail strikes were planned to \u00abdeliberately\u00bb disrupt Eurovision and the FA Cup final.  <\/p>\n<p>Strikes are taking place today and Saturday &#8211; when the Eurovision final takes place in Liverpool &#8211; and again on the day of the FA Cup final on 3 June.<\/p>\n<p>Asked whether this was deliberate, Mr Merriman said: \u00abThey either don&#8217;t have a good sporting and events calendar &#8211; or it&#8217;s been done deliberately.\u00bb<\/p>\n<p>Read more here:<\/p>\n<p>#skynews #railstrikes  <\/p>\n<p>SUBSCRIBE to our YouTube channel for more videos:  <\/p>\n<p>Follow us on Twitter:<br \/>\nLike us on Facebook:<br \/>\nFollow us on Instagram:<br \/>\nFollow us on TikTok:  <\/p>\n<p>For more content go to  and download our apps:<br \/>\nApple<br \/>\nAndroid  <\/p>\n<p>Sky News Daily podcast is available for free here: <\/p>\n<p>Sky News videos are now available in Spanish here\/Los video de Sky News est\u00e1n disponibles en espa\u00f1ol aqu\u00ed:  <\/p>\n<p>Sky News videos are also available in German here\/Hier k\u00f6nnen Sie au\u00dferdem Sky News-Videos auf Deutsch finden:  <\/p>\n<p>To enquire about licensing Sky News content, you can find more information here:<br \/>\n<br \/><a href=\"https:\/\/www.youtube.com\/watch?v=3ceqlJlCSEw\">source<\/a><\/p>\n","protected":false},"excerpt":{"rendered":"<p>Huw Merriman, the rail minister, has told Sky News that it is likely rail strikes were planned to \u00abdeliberately\u00bb disrupt Eurovision and the FA Cup final. Strikes are taking place today and Saturday &#8211; when the Eurovision final takes place in Liverpool &#8211; and again on the day of the FA Cup final on 3 &hellip;<\/p>\n","protected":false},"author":1,"featured_media":327874,"comment_status":"open","ping_status":"closed","sticky":false,"template":"","format":"standard","meta":{"footnotes":""},"categories":[116],"tags":[],"coauthors":[62],"class_list":["post-327873","post","type-post","status-publish","format-standard","has-post-thumbnail","hentry","category-business"],"yoast_head":"<!-- This site is optimized with the Yoast SEO Premium plugin v26.6 (Yoast SEO v27.4) - https:\/\/yoast.com\/product\/yoast-seo-premium-wordpress\/ -->\n<title>Rail Strikes: &#039;Unions either don&#039;t have a good events calendar - or it&#039;s been done deliberately&#039; - LiveDEEP.TV<\/title>\n<meta name=\"robots\" content=\"index, follow, max-snippet:-1, max-image-preview:large, max-video-preview:-1\" \/>\n<link rel=\"canonical\" href=\"https:\/\/www.livedeep.tv\/web\/2023\/09\/rail-strikes-unions-either-dont-have-a-good-events-calendar-or-its-been-done-deliberately\/\" \/>\n<meta property=\"og:locale\" content=\"es_ES\" \/>\n<meta property=\"og:type\" content=\"article\" \/>\n<meta property=\"og:title\" content=\"Rail Strikes: &#039;Unions either don&#039;t have a good events calendar - or it&#039;s been done deliberately&#039;\" \/>\n<meta property=\"og:description\" content=\"Huw Merriman, the rail minister, has told Sky News that it is likely rail strikes were planned to \u00abdeliberately\u00bb disrupt Eurovision and the FA Cup final. Strikes are taking place today and Saturday &#8211; when the Eurovision final takes place in Liverpool &#8211; and again on the day of the FA Cup final on 3 &hellip;\" \/>\n<meta property=\"og:url\" content=\"https:\/\/www.livedeep.tv\/web\/2023\/09\/rail-strikes-unions-either-dont-have-a-good-events-calendar-or-its-been-done-deliberately\/\" \/>\n<meta property=\"og:site_name\" content=\"LiveDEEP.TV\" \/>\n<meta property=\"article:published_time\" content=\"2023-09-02T03:22:11+00:00\" \/>\n<meta property=\"og:image\" content=\"https:\/\/i.ytimg.com\/vi\/3ceqlJlCSEw\/maxresdefault.jpg\" \/>\n<meta name=\"author\" content=\"LvDP.TV Synthetintelligence\u2122\" \/>\n<meta name=\"twitter:card\" content=\"summary_large_image\" \/>\n<meta name=\"twitter:image\" content=\"https:\/\/i.ytimg.com\/vi\/3ceqlJlCSEw\/maxresdefault.jpg\" \/>\n<meta name=\"twitter:label1\" content=\"Escrito por\" \/>\n\t<meta name=\"twitter:data1\" content=\"LvDP.TV Synthetintelligence\u2122\" \/>\n\t<meta name=\"twitter:label2\" content=\"Tiempo de lectura\" \/>\n\t<meta name=\"twitter:data2\" content=\"1 minuto\" \/>\n\t<meta name=\"twitter:label3\" content=\"Written by\" \/>\n\t<meta name=\"twitter:data3\" content=\"LvDP.TV Synthetintelligence\u2122\" \/>\n<script type=\"application\/ld+json\" class=\"yoast-schema-graph\">{\"@context\":\"https:\\\/\\\/schema.org\",\"@graph\":[{\"@type\":\"Article\",\"@id\":\"https:\\\/\\\/www.livedeep.tv\\\/web\\\/2023\\\/09\\\/rail-strikes-unions-either-dont-have-a-good-events-calendar-or-its-been-done-deliberately\\\/#article\",\"isPartOf\":{\"@id\":\"https:\\\/\\\/www.livedeep.tv\\\/web\\\/2023\\\/09\\\/rail-strikes-unions-either-dont-have-a-good-events-calendar-or-its-been-done-deliberately\\\/\"},\"author\":{\"name\":\"LvDP.TV Synthetintelligence\u2122\",\"@id\":\"https:\\\/\\\/www.livedeep.tv\\\/web\\\/es\\\/#\\\/schema\\\/person\\\/0578354f0a78cc36dbf665f7a5f47946\"},\"headline\":\"Rail Strikes: &#8216;Unions either don&#8217;t have a good events calendar &#8211; or it&#8217;s been done deliberately&#8217;\",\"datePublished\":\"2023-09-02T03:22:11+00:00\",\"mainEntityOfPage\":{\"@id\":\"https:\\\/\\\/www.livedeep.tv\\\/web\\\/2023\\\/09\\\/rail-strikes-unions-either-dont-have-a-good-events-calendar-or-its-been-done-deliberately\\\/\"},\"wordCount\":203,\"commentCount\":0,\"publisher\":{\"@id\":\"https:\\\/\\\/www.livedeep.tv\\\/web\\\/es\\\/#organization\"},\"image\":{\"@id\":\"https:\\\/\\\/www.livedeep.tv\\\/web\\\/2023\\\/09\\\/rail-strikes-unions-either-dont-have-a-good-events-calendar-or-its-been-done-deliberately\\\/#primaryimage\"},\"thumbnailUrl\":\"https:\\\/\\\/i.ytimg.com\\\/vi\\\/3ceqlJlCSEw\\\/maxresdefault.jpg\",\"articleSection\":[\"Business\"],\"inLanguage\":\"es\",\"potentialAction\":[{\"@type\":\"CommentAction\",\"name\":\"Comment\",\"target\":[\"https:\\\/\\\/www.livedeep.tv\\\/web\\\/2023\\\/09\\\/rail-strikes-unions-either-dont-have-a-good-events-calendar-or-its-been-done-deliberately\\\/#respond\"]}]},{\"@type\":\"WebPage\",\"@id\":\"https:\\\/\\\/www.livedeep.tv\\\/web\\\/2023\\\/09\\\/rail-strikes-unions-either-dont-have-a-good-events-calendar-or-its-been-done-deliberately\\\/\",\"url\":\"https:\\\/\\\/www.livedeep.tv\\\/web\\\/2023\\\/09\\\/rail-strikes-unions-either-dont-have-a-good-events-calendar-or-its-been-done-deliberately\\\/\",\"name\":\"Rail Strikes: 'Unions either don't have a good events calendar - or it's been done deliberately' - LiveDEEP.TV\",\"isPartOf\":{\"@id\":\"https:\\\/\\\/www.livedeep.tv\\\/web\\\/es\\\/#website\"},\"primaryImageOfPage\":{\"@id\":\"https:\\\/\\\/www.livedeep.tv\\\/web\\\/2023\\\/09\\\/rail-strikes-unions-either-dont-have-a-good-events-calendar-or-its-been-done-deliberately\\\/#primaryimage\"},\"image\":{\"@id\":\"https:\\\/\\\/www.livedeep.tv\\\/web\\\/2023\\\/09\\\/rail-strikes-unions-either-dont-have-a-good-events-calendar-or-its-been-done-deliberately\\\/#primaryimage\"},\"thumbnailUrl\":\"https:\\\/\\\/i.ytimg.com\\\/vi\\\/3ceqlJlCSEw\\\/maxresdefault.jpg\",\"datePublished\":\"2023-09-02T03:22:11+00:00\",\"breadcrumb\":{\"@id\":\"https:\\\/\\\/www.livedeep.tv\\\/web\\\/2023\\\/09\\\/rail-strikes-unions-either-dont-have-a-good-events-calendar-or-its-been-done-deliberately\\\/#breadcrumb\"},\"inLanguage\":\"es\",\"potentialAction\":[{\"@type\":\"ReadAction\",\"target\":[\"https:\\\/\\\/www.livedeep.tv\\\/web\\\/2023\\\/09\\\/rail-strikes-unions-either-dont-have-a-good-events-calendar-or-its-been-done-deliberately\\\/\"]}]},{\"@type\":\"ImageObject\",\"inLanguage\":\"es\",\"@id\":\"https:\\\/\\\/www.livedeep.tv\\\/web\\\/2023\\\/09\\\/rail-strikes-unions-either-dont-have-a-good-events-calendar-or-its-been-done-deliberately\\\/#primaryimage\",\"url\":\"https:\\\/\\\/i.ytimg.com\\\/vi\\\/3ceqlJlCSEw\\\/maxresdefault.jpg\",\"contentUrl\":\"https:\\\/\\\/i.ytimg.com\\\/vi\\\/3ceqlJlCSEw\\\/maxresdefault.jpg\",\"width\":1280,\"height\":720,\"caption\":\"Rail Strikes: &#8216;Unions either don&#8217;t have a good events calendar &#8211; or it&#8217;s been done deliberately&#8217;\"},{\"@type\":\"BreadcrumbList\",\"@id\":\"https:\\\/\\\/www.livedeep.tv\\\/web\\\/2023\\\/09\\\/rail-strikes-unions-either-dont-have-a-good-events-calendar-or-its-been-done-deliberately\\\/#breadcrumb\",\"itemListElement\":[{\"@type\":\"ListItem\",\"position\":1,\"name\":\"Home\",\"item\":\"https:\\\/\\\/www.livedeep.tv\\\/web\\\/es\\\/\"},{\"@type\":\"ListItem\",\"position\":2,\"name\":\"Rail Strikes: &#8216;Unions either don&#8217;t have a good events calendar &#8211; or it&#8217;s been done deliberately&#8217;\"}]},{\"@type\":\"WebSite\",\"@id\":\"https:\\\/\\\/www.livedeep.tv\\\/web\\\/es\\\/#website\",\"url\":\"https:\\\/\\\/www.livedeep.tv\\\/web\\\/es\\\/\",\"name\":\"LiveDEEP.TV\",\"description\":\"Just another WordPress site\",\"publisher\":{\"@id\":\"https:\\\/\\\/www.livedeep.tv\\\/web\\\/es\\\/#organization\"},\"potentialAction\":[{\"@type\":\"SearchAction\",\"target\":{\"@type\":\"EntryPoint\",\"urlTemplate\":\"https:\\\/\\\/www.livedeep.tv\\\/web\\\/es\\\/?s={search_term_string}\"},\"query-input\":{\"@type\":\"PropertyValueSpecification\",\"valueRequired\":true,\"valueName\":\"search_term_string\"}}],\"inLanguage\":\"es\"},{\"@type\":\"Organization\",\"@id\":\"https:\\\/\\\/www.livedeep.tv\\\/web\\\/es\\\/#organization\",\"name\":\"LiveDEEP.TV\",\"url\":\"https:\\\/\\\/www.livedeep.tv\\\/web\\\/es\\\/\",\"logo\":{\"@type\":\"ImageObject\",\"inLanguage\":\"es\",\"@id\":\"https:\\\/\\\/www.livedeep.tv\\\/web\\\/es\\\/#\\\/schema\\\/logo\\\/image\\\/\",\"url\":\"https:\\\/\\\/www.livedeep.tv\\\/web\\\/wp-content\\\/uploads\\\/2019\\\/10\\\/lvd-uplogoretina.png\",\"contentUrl\":\"https:\\\/\\\/www.livedeep.tv\\\/web\\\/wp-content\\\/uploads\\\/2019\\\/10\\\/lvd-uplogoretina.png\",\"width\":544,\"height\":173,\"caption\":\"LiveDEEP.TV\"},\"image\":{\"@id\":\"https:\\\/\\\/www.livedeep.tv\\\/web\\\/es\\\/#\\\/schema\\\/logo\\\/image\\\/\"}},{\"@type\":\"Person\",\"@id\":\"https:\\\/\\\/www.livedeep.tv\\\/web\\\/es\\\/#\\\/schema\\\/person\\\/0578354f0a78cc36dbf665f7a5f47946\",\"name\":\"LvDP.TV Synthetintelligence\u2122\",\"image\":{\"@type\":\"ImageObject\",\"inLanguage\":\"es\",\"@id\":\"https:\\\/\\\/www.livedeep.tv\\\/web\\\/wp-content\\\/uploads\\\/avatars\\\/1\\\/5d9525a1f239d-bpfull.jpg3d90d9a792288d4099044e0f9c3bf9c0\",\"url\":\"https:\\\/\\\/www.livedeep.tv\\\/web\\\/wp-content\\\/uploads\\\/avatars\\\/1\\\/5d9525a1f239d-bpfull.jpg\",\"contentUrl\":\"https:\\\/\\\/www.livedeep.tv\\\/web\\\/wp-content\\\/uploads\\\/avatars\\\/1\\\/5d9525a1f239d-bpfull.jpg\",\"caption\":\"LvDP.TV Synthetintelligence\u2122\"},\"description\":\"Any info about our website, please let me know. Thanks.\",\"sameAs\":[\"https:\\\/\\\/www.livedeep.tv\"],\"url\":\"https:\\\/\\\/www.livedeep.tv\\\/web\\\/es\\\/author\\\/infolivedeep-tv\\\/\"}]}<\/script>\n<!-- \/ Yoast SEO Premium plugin. -->","yoast_head_json":{"title":"Rail Strikes: 'Unions either don't have a good events calendar - or it's been done deliberately' - LiveDEEP.TV","robots":{"index":"index","follow":"follow","max-snippet":"max-snippet:-1","max-image-preview":"max-image-preview:large","max-video-preview":"max-video-preview:-1"},"canonical":"https:\/\/www.livedeep.tv\/web\/2023\/09\/rail-strikes-unions-either-dont-have-a-good-events-calendar-or-its-been-done-deliberately\/","og_locale":"es_ES","og_type":"article","og_title":"Rail Strikes: 'Unions either don't have a good events calendar - or it's been done deliberately'","og_description":"Huw Merriman, the rail minister, has told Sky News that it is likely rail strikes were planned to \u00abdeliberately\u00bb disrupt Eurovision and the FA Cup final. Strikes are taking place today and Saturday &#8211; when the Eurovision final takes place in Liverpool &#8211; and again on the day of the FA Cup final on 3 &hellip;","og_url":"https:\/\/www.livedeep.tv\/web\/2023\/09\/rail-strikes-unions-either-dont-have-a-good-events-calendar-or-its-been-done-deliberately\/","og_site_name":"LiveDEEP.TV","article_published_time":"2023-09-02T03:22:11+00:00","og_image":[{"url":"https:\/\/i.ytimg.com\/vi\/3ceqlJlCSEw\/maxresdefault.jpg","type":"","width":"","height":""}],"author":"LvDP.TV Synthetintelligence\u2122","twitter_card":"summary_large_image","twitter_image":"https:\/\/i.ytimg.com\/vi\/3ceqlJlCSEw\/maxresdefault.jpg","twitter_misc":{"Escrito por":"LvDP.TV Synthetintelligence\u2122","Tiempo de lectura":"1 minuto","Written by":"LvDP.TV Synthetintelligence\u2122"},"schema":{"@context":"https:\/\/schema.org","@graph":[{"@type":"Article","@id":"https:\/\/www.livedeep.tv\/web\/2023\/09\/rail-strikes-unions-either-dont-have-a-good-events-calendar-or-its-been-done-deliberately\/#article","isPartOf":{"@id":"https:\/\/www.livedeep.tv\/web\/2023\/09\/rail-strikes-unions-either-dont-have-a-good-events-calendar-or-its-been-done-deliberately\/"},"author":{"name":"LvDP.TV Synthetintelligence\u2122","@id":"https:\/\/www.livedeep.tv\/web\/es\/#\/schema\/person\/0578354f0a78cc36dbf665f7a5f47946"},"headline":"Rail Strikes: &#8216;Unions either don&#8217;t have a good events calendar &#8211; or it&#8217;s been done deliberately&#8217;","datePublished":"2023-09-02T03:22:11+00:00","mainEntityOfPage":{"@id":"https:\/\/www.livedeep.tv\/web\/2023\/09\/rail-strikes-unions-either-dont-have-a-good-events-calendar-or-its-been-done-deliberately\/"},"wordCount":203,"commentCount":0,"publisher":{"@id":"https:\/\/www.livedeep.tv\/web\/es\/#organization"},"image":{"@id":"https:\/\/www.livedeep.tv\/web\/2023\/09\/rail-strikes-unions-either-dont-have-a-good-events-calendar-or-its-been-done-deliberately\/#primaryimage"},"thumbnailUrl":"https:\/\/i.ytimg.com\/vi\/3ceqlJlCSEw\/maxresdefault.jpg","articleSection":["Business"],"inLanguage":"es","potentialAction":[{"@type":"CommentAction","name":"Comment","target":["https:\/\/www.livedeep.tv\/web\/2023\/09\/rail-strikes-unions-either-dont-have-a-good-events-calendar-or-its-been-done-deliberately\/#respond"]}]},{"@type":"WebPage","@id":"https:\/\/www.livedeep.tv\/web\/2023\/09\/rail-strikes-unions-either-dont-have-a-good-events-calendar-or-its-been-done-deliberately\/","url":"https:\/\/www.livedeep.tv\/web\/2023\/09\/rail-strikes-unions-either-dont-have-a-good-events-calendar-or-its-been-done-deliberately\/","name":"Rail Strikes: 'Unions either don't have a good events calendar - or it's been done deliberately' - LiveDEEP.TV","isPartOf":{"@id":"https:\/\/www.livedeep.tv\/web\/es\/#website"},"primaryImageOfPage":{"@id":"https:\/\/www.livedeep.tv\/web\/2023\/09\/rail-strikes-unions-either-dont-have-a-good-events-calendar-or-its-been-done-deliberately\/#primaryimage"},"image":{"@id":"https:\/\/www.livedeep.tv\/web\/2023\/09\/rail-strikes-unions-either-dont-have-a-good-events-calendar-or-its-been-done-deliberately\/#primaryimage"},"thumbnailUrl":"https:\/\/i.ytimg.com\/vi\/3ceqlJlCSEw\/maxresdefault.jpg","datePublished":"2023-09-02T03:22:11+00:00","breadcrumb":{"@id":"https:\/\/www.livedeep.tv\/web\/2023\/09\/rail-strikes-unions-either-dont-have-a-good-events-calendar-or-its-been-done-deliberately\/#breadcrumb"},"inLanguage":"es","potentialAction":[{"@type":"ReadAction","target":["https:\/\/www.livedeep.tv\/web\/2023\/09\/rail-strikes-unions-either-dont-have-a-good-events-calendar-or-its-been-done-deliberately\/"]}]},{"@type":"ImageObject","inLanguage":"es","@id":"https:\/\/www.livedeep.tv\/web\/2023\/09\/rail-strikes-unions-either-dont-have-a-good-events-calendar-or-its-been-done-deliberately\/#primaryimage","url":"https:\/\/i.ytimg.com\/vi\/3ceqlJlCSEw\/maxresdefault.jpg","contentUrl":"https:\/\/i.ytimg.com\/vi\/3ceqlJlCSEw\/maxresdefault.jpg","width":1280,"height":720,"caption":"Rail Strikes: &#8216;Unions either don&#8217;t have a good events calendar &#8211; or it&#8217;s been done deliberately&#8217;"},{"@type":"BreadcrumbList","@id":"https:\/\/www.livedeep.tv\/web\/2023\/09\/rail-strikes-unions-either-dont-have-a-good-events-calendar-or-its-been-done-deliberately\/#breadcrumb","itemListElement":[{"@type":"ListItem","position":1,"name":"Home","item":"https:\/\/www.livedeep.tv\/web\/es\/"},{"@type":"ListItem","position":2,"name":"Rail Strikes: &#8216;Unions either don&#8217;t have a good events calendar &#8211; or it&#8217;s been done deliberately&#8217;"}]},{"@type":"WebSite","@id":"https:\/\/www.livedeep.tv\/web\/es\/#website","url":"https:\/\/www.livedeep.tv\/web\/es\/","name":"LiveDEEP.TV","description":"Just another WordPress site","publisher":{"@id":"https:\/\/www.livedeep.tv\/web\/es\/#organization"},"potentialAction":[{"@type":"SearchAction","target":{"@type":"EntryPoint","urlTemplate":"https:\/\/www.livedeep.tv\/web\/es\/?s={search_term_string}"},"query-input":{"@type":"PropertyValueSpecification","valueRequired":true,"valueName":"search_term_string"}}],"inLanguage":"es"},{"@type":"Organization","@id":"https:\/\/www.livedeep.tv\/web\/es\/#organization","name":"LiveDEEP.TV","url":"https:\/\/www.livedeep.tv\/web\/es\/","logo":{"@type":"ImageObject","inLanguage":"es","@id":"https:\/\/www.livedeep.tv\/web\/es\/#\/schema\/logo\/image\/","url":"https:\/\/www.livedeep.tv\/web\/wp-content\/uploads\/2019\/10\/lvd-uplogoretina.png","contentUrl":"https:\/\/www.livedeep.tv\/web\/wp-content\/uploads\/2019\/10\/lvd-uplogoretina.png","width":544,"height":173,"caption":"LiveDEEP.TV"},"image":{"@id":"https:\/\/www.livedeep.tv\/web\/es\/#\/schema\/logo\/image\/"}},{"@type":"Person","@id":"https:\/\/www.livedeep.tv\/web\/es\/#\/schema\/person\/0578354f0a78cc36dbf665f7a5f47946","name":"LvDP.TV Synthetintelligence\u2122","image":{"@type":"ImageObject","inLanguage":"es","@id":"https:\/\/www.livedeep.tv\/web\/wp-content\/uploads\/avatars\/1\/5d9525a1f239d-bpfull.jpg3d90d9a792288d4099044e0f9c3bf9c0","url":"https:\/\/www.livedeep.tv\/web\/wp-content\/uploads\/avatars\/1\/5d9525a1f239d-bpfull.jpg","contentUrl":"https:\/\/www.livedeep.tv\/web\/wp-content\/uploads\/avatars\/1\/5d9525a1f239d-bpfull.jpg","caption":"LvDP.TV Synthetintelligence\u2122"},"description":"Any info about our website, please let me know. Thanks.","sameAs":["https:\/\/www.livedeep.tv"],"url":"https:\/\/www.livedeep.tv\/web\/es\/author\/infolivedeep-tv\/"}]}},"amp_enabled":true,"fifu_image_url":"https:\/\/i.ytimg.com\/vi\/3ceqlJlCSEw\/maxresdefault.jpg","_links":{"self":[{"href":"https:\/\/www.livedeep.tv\/web\/es\/wp-json\/wp\/v2\/posts\/327873","targetHints":{"allow":["GET"]}}],"collection":[{"href":"https:\/\/www.livedeep.tv\/web\/es\/wp-json\/wp\/v2\/posts"}],"about":[{"href":"https:\/\/www.livedeep.tv\/web\/es\/wp-json\/wp\/v2\/types\/post"}],"author":[{"embeddable":true,"href":"https:\/\/www.livedeep.tv\/web\/es\/wp-json\/wp\/v2\/users\/1"}],"replies":[{"embeddable":true,"href":"https:\/\/www.livedeep.tv\/web\/es\/wp-json\/wp\/v2\/comments?post=327873"}],"version-history":[{"count":0,"href":"https:\/\/www.livedeep.tv\/web\/es\/wp-json\/wp\/v2\/posts\/327873\/revisions"}],"wp:featuredmedia":[{"embeddable":true,"href":"https:\/\/www.livedeep.tv\/web\/es\/wp-json\/wp\/v2\/media\/327874"}],"wp:attachment":[{"href":"https:\/\/www.livedeep.tv\/web\/es\/wp-json\/wp\/v2\/media?parent=327873"}],"wp:term":[{"taxonomy":"category","embeddable":true,"href":"https:\/\/www.livedeep.tv\/web\/es\/wp-json\/wp\/v2\/categories?post=327873"},{"taxonomy":"post_tag","embeddable":true,"href":"https:\/\/www.livedeep.tv\/web\/es\/wp-json\/wp\/v2\/tags?post=327873"},{"taxonomy":"author","embeddable":true,"href":"https:\/\/www.livedeep.tv\/web\/es\/wp-json\/wp\/v2\/coauthors?post=327873"}],"curies":[{"name":"wp","href":"https:\/\/api.w.org\/{rel}","templated":true}]}}