{"id":1990,"date":"2019-10-21T03:52:56","date_gmt":"2019-10-21T10:52:56","guid":{"rendered":"https:\/\/www.livedeep.tv\/2019\/10\/un-viaje-a-la-vida-reflexion-si-algun-dia-me-ves-triste-no-me-digas-nada\/"},"modified":"2019-10-21T03:52:56","modified_gmt":"2019-10-21T10:52:56","slug":"un-viaje-a-la-vida-reflexion-si-algun-dia-me-ves-triste-no-me-digas-nada","status":"publish","type":"post","link":"https:\/\/www.livedeep.tv\/web\/es\/2019\/10\/un-viaje-a-la-vida-reflexion-si-algun-dia-me-ves-triste-no-me-digas-nada\/","title":{"rendered":"Un viaje a la vida | Reflexi\u00f3n | Si alg\u00fan d\u00eda me ves triste, no me digas nada."},"content":{"rendered":"<p><iframe loading=\"lazy\"  width=\"580\" height=\"385\" src=\"https:\/\/www.youtube.com\/embed\/uGvSkZ38oBY?rel=0&#038;modestbranding=1\" frameborder=\"0\" allowfullscreen><\/iframe><br \/>\n<br \/>Un mensaje de agradecimiento y despedida. <\/p>\n<p>Iniciemos juntos un nuevo sue\u00f1o, suscr\u00edbete al nuevo canal:<\/p>\n<p>Facebook:<\/p>\n<p>Instagram:<\/p>\n<p>\u00a1Muchas gracias por haber formado parte de \u00e9ste hermoso viaje!<br \/>\n<br \/><a href=\"https:\/\/www.youtube.com\/watch?v=uGvSkZ38oBY\">source<\/a><\/p>\n","protected":false},"excerpt":{"rendered":"<p>Un mensaje de agradecimiento y despedida. Iniciemos juntos un nuevo sue\u00f1o, suscr\u00edbete al nuevo canal: Facebook: Instagram: \u00a1Muchas gracias por haber formado parte de \u00e9ste hermoso viaje! source<\/p>\n","protected":false},"author":1,"featured_media":326840,"comment_status":"open","ping_status":"closed","sticky":false,"template":"","format":"standard","meta":{"footnotes":""},"categories":[118],"tags":[],"coauthors":[62],"class_list":["post-1990","post","type-post","status-publish","format-standard","has-post-thumbnail","hentry","category-life-style"],"yoast_head":"<!-- This site is optimized with the Yoast SEO Premium plugin v26.6 (Yoast SEO v27.5) - https:\/\/yoast.com\/product\/yoast-seo-premium-wordpress\/ -->\n<title>Un viaje a la vida | Reflexi\u00f3n | Si alg\u00fan d\u00eda me ves triste, no me digas nada. - LiveDEEP.TV<\/title>\n<meta name=\"robots\" content=\"index, follow, max-snippet:-1, max-image-preview:large, max-video-preview:-1\" \/>\n<link rel=\"canonical\" href=\"https:\/\/www.livedeep.tv\/web\/es\/2019\/10\/un-viaje-a-la-vida-reflexion-si-algun-dia-me-ves-triste-no-me-digas-nada\/\" \/>\n<meta property=\"og:locale\" content=\"es_ES\" \/>\n<meta property=\"og:type\" content=\"article\" \/>\n<meta property=\"og:title\" content=\"Un viaje a la vida | Reflexi\u00f3n | Si alg\u00fan d\u00eda me ves triste, no me digas nada.\" \/>\n<meta property=\"og:description\" content=\"Un mensaje de agradecimiento y despedida. Iniciemos juntos un nuevo sue\u00f1o, suscr\u00edbete al nuevo canal: Facebook: Instagram: \u00a1Muchas gracias por haber formado parte de \u00e9ste hermoso viaje! source\" \/>\n<meta property=\"og:url\" content=\"https:\/\/www.livedeep.tv\/web\/es\/2019\/10\/un-viaje-a-la-vida-reflexion-si-algun-dia-me-ves-triste-no-me-digas-nada\/\" \/>\n<meta property=\"og:site_name\" content=\"LiveDEEP.TV\" \/>\n<meta property=\"article:published_time\" content=\"2019-10-21T10:52:56+00:00\" \/>\n<meta property=\"og:image\" content=\"https:\/\/i.ytimg.com\/vi\/uGvSkZ38oBY\/hqdefault.jpg\" \/>\n<meta name=\"author\" content=\"LvDP.TV Synthetintelligence\u2122\" \/>\n<meta name=\"twitter:card\" content=\"summary_large_image\" \/>\n<meta name=\"twitter:image\" content=\"https:\/\/i.ytimg.com\/vi\/uGvSkZ38oBY\/hqdefault.jpg\" \/>\n<meta name=\"twitter:label1\" content=\"Escrito por\" \/>\n\t<meta name=\"twitter:data1\" content=\"LvDP.TV Synthetintelligence\u2122\" \/>\n\t<meta name=\"twitter:label2\" content=\"Written by\" \/>\n\t<meta name=\"twitter:data2\" content=\"LvDP.TV Synthetintelligence\u2122\" \/>\n<script type=\"application\/ld+json\" class=\"yoast-schema-graph\">{\"@context\":\"https:\\\/\\\/schema.org\",\"@graph\":[{\"@type\":\"Article\",\"@id\":\"https:\\\/\\\/www.livedeep.tv\\\/web\\\/es\\\/2019\\\/10\\\/un-viaje-a-la-vida-reflexion-si-algun-dia-me-ves-triste-no-me-digas-nada\\\/#article\",\"isPartOf\":{\"@id\":\"https:\\\/\\\/www.livedeep.tv\\\/web\\\/es\\\/2019\\\/10\\\/un-viaje-a-la-vida-reflexion-si-algun-dia-me-ves-triste-no-me-digas-nada\\\/\"},\"author\":{\"name\":\"LvDP.TV Synthetintelligence\u2122\",\"@id\":\"https:\\\/\\\/www.livedeep.tv\\\/web\\\/es\\\/#\\\/schema\\\/person\\\/0578354f0a78cc36dbf665f7a5f47946\"},\"headline\":\"Un viaje a la vida | Reflexi\u00f3n | Si alg\u00fan d\u00eda me ves triste, no me digas nada.\",\"datePublished\":\"2019-10-21T10:52:56+00:00\",\"mainEntityOfPage\":{\"@id\":\"https:\\\/\\\/www.livedeep.tv\\\/web\\\/es\\\/2019\\\/10\\\/un-viaje-a-la-vida-reflexion-si-algun-dia-me-ves-triste-no-me-digas-nada\\\/\"},\"wordCount\":49,\"commentCount\":0,\"publisher\":{\"@id\":\"https:\\\/\\\/www.livedeep.tv\\\/web\\\/es\\\/#organization\"},\"image\":{\"@id\":\"https:\\\/\\\/www.livedeep.tv\\\/web\\\/es\\\/2019\\\/10\\\/un-viaje-a-la-vida-reflexion-si-algun-dia-me-ves-triste-no-me-digas-nada\\\/#primaryimage\"},\"thumbnailUrl\":\"https:\\\/\\\/i.ytimg.com\\\/vi\\\/uGvSkZ38oBY\\\/hqdefault.jpg\",\"articleSection\":[\"Life Style\"],\"inLanguage\":\"es\",\"potentialAction\":[{\"@type\":\"CommentAction\",\"name\":\"Comment\",\"target\":[\"https:\\\/\\\/www.livedeep.tv\\\/web\\\/es\\\/2019\\\/10\\\/un-viaje-a-la-vida-reflexion-si-algun-dia-me-ves-triste-no-me-digas-nada\\\/#respond\"]}]},{\"@type\":\"WebPage\",\"@id\":\"https:\\\/\\\/www.livedeep.tv\\\/web\\\/es\\\/2019\\\/10\\\/un-viaje-a-la-vida-reflexion-si-algun-dia-me-ves-triste-no-me-digas-nada\\\/\",\"url\":\"https:\\\/\\\/www.livedeep.tv\\\/web\\\/es\\\/2019\\\/10\\\/un-viaje-a-la-vida-reflexion-si-algun-dia-me-ves-triste-no-me-digas-nada\\\/\",\"name\":\"Un viaje a la vida | Reflexi\u00f3n | Si alg\u00fan d\u00eda me ves triste, no me digas nada. - LiveDEEP.TV\",\"isPartOf\":{\"@id\":\"https:\\\/\\\/www.livedeep.tv\\\/web\\\/es\\\/#website\"},\"primaryImageOfPage\":{\"@id\":\"https:\\\/\\\/www.livedeep.tv\\\/web\\\/es\\\/2019\\\/10\\\/un-viaje-a-la-vida-reflexion-si-algun-dia-me-ves-triste-no-me-digas-nada\\\/#primaryimage\"},\"image\":{\"@id\":\"https:\\\/\\\/www.livedeep.tv\\\/web\\\/es\\\/2019\\\/10\\\/un-viaje-a-la-vida-reflexion-si-algun-dia-me-ves-triste-no-me-digas-nada\\\/#primaryimage\"},\"thumbnailUrl\":\"https:\\\/\\\/i.ytimg.com\\\/vi\\\/uGvSkZ38oBY\\\/hqdefault.jpg\",\"datePublished\":\"2019-10-21T10:52:56+00:00\",\"breadcrumb\":{\"@id\":\"https:\\\/\\\/www.livedeep.tv\\\/web\\\/es\\\/2019\\\/10\\\/un-viaje-a-la-vida-reflexion-si-algun-dia-me-ves-triste-no-me-digas-nada\\\/#breadcrumb\"},\"inLanguage\":\"es\",\"potentialAction\":[{\"@type\":\"ReadAction\",\"target\":[\"https:\\\/\\\/www.livedeep.tv\\\/web\\\/es\\\/2019\\\/10\\\/un-viaje-a-la-vida-reflexion-si-algun-dia-me-ves-triste-no-me-digas-nada\\\/\"]}]},{\"@type\":\"ImageObject\",\"inLanguage\":\"es\",\"@id\":\"https:\\\/\\\/www.livedeep.tv\\\/web\\\/es\\\/2019\\\/10\\\/un-viaje-a-la-vida-reflexion-si-algun-dia-me-ves-triste-no-me-digas-nada\\\/#primaryimage\",\"url\":\"https:\\\/\\\/i.ytimg.com\\\/vi\\\/uGvSkZ38oBY\\\/hqdefault.jpg\",\"contentUrl\":\"https:\\\/\\\/i.ytimg.com\\\/vi\\\/uGvSkZ38oBY\\\/hqdefault.jpg\"},{\"@type\":\"BreadcrumbList\",\"@id\":\"https:\\\/\\\/www.livedeep.tv\\\/web\\\/es\\\/2019\\\/10\\\/un-viaje-a-la-vida-reflexion-si-algun-dia-me-ves-triste-no-me-digas-nada\\\/#breadcrumb\",\"itemListElement\":[{\"@type\":\"ListItem\",\"position\":1,\"name\":\"Home\",\"item\":\"https:\\\/\\\/www.livedeep.tv\\\/web\\\/es\\\/\"},{\"@type\":\"ListItem\",\"position\":2,\"name\":\"Un viaje a la vida | Reflexi\u00f3n | Si alg\u00fan d\u00eda me ves triste, no me digas nada.\"}]},{\"@type\":\"WebSite\",\"@id\":\"https:\\\/\\\/www.livedeep.tv\\\/web\\\/es\\\/#website\",\"url\":\"https:\\\/\\\/www.livedeep.tv\\\/web\\\/es\\\/\",\"name\":\"LiveDEEP.TV\",\"description\":\"Just another WordPress site\",\"publisher\":{\"@id\":\"https:\\\/\\\/www.livedeep.tv\\\/web\\\/es\\\/#organization\"},\"potentialAction\":[{\"@type\":\"SearchAction\",\"target\":{\"@type\":\"EntryPoint\",\"urlTemplate\":\"https:\\\/\\\/www.livedeep.tv\\\/web\\\/es\\\/?s={search_term_string}\"},\"query-input\":{\"@type\":\"PropertyValueSpecification\",\"valueRequired\":true,\"valueName\":\"search_term_string\"}}],\"inLanguage\":\"es\"},{\"@type\":\"Organization\",\"@id\":\"https:\\\/\\\/www.livedeep.tv\\\/web\\\/es\\\/#organization\",\"name\":\"LiveDEEP.TV\",\"url\":\"https:\\\/\\\/www.livedeep.tv\\\/web\\\/es\\\/\",\"logo\":{\"@type\":\"ImageObject\",\"inLanguage\":\"es\",\"@id\":\"https:\\\/\\\/www.livedeep.tv\\\/web\\\/es\\\/#\\\/schema\\\/logo\\\/image\\\/\",\"url\":\"https:\\\/\\\/www.livedeep.tv\\\/web\\\/wp-content\\\/uploads\\\/2019\\\/10\\\/lvd-uplogoretina.png\",\"contentUrl\":\"https:\\\/\\\/www.livedeep.tv\\\/web\\\/wp-content\\\/uploads\\\/2019\\\/10\\\/lvd-uplogoretina.png\",\"width\":544,\"height\":173,\"caption\":\"LiveDEEP.TV\"},\"image\":{\"@id\":\"https:\\\/\\\/www.livedeep.tv\\\/web\\\/es\\\/#\\\/schema\\\/logo\\\/image\\\/\"}},{\"@type\":\"Person\",\"@id\":\"https:\\\/\\\/www.livedeep.tv\\\/web\\\/es\\\/#\\\/schema\\\/person\\\/0578354f0a78cc36dbf665f7a5f47946\",\"name\":\"LvDP.TV Synthetintelligence\u2122\",\"image\":{\"@type\":\"ImageObject\",\"inLanguage\":\"es\",\"@id\":\"https:\\\/\\\/www.livedeep.tv\\\/web\\\/wp-content\\\/uploads\\\/avatars\\\/1\\\/5d9525a1f239d-bpfull.jpg3d90d9a792288d4099044e0f9c3bf9c0\",\"url\":\"https:\\\/\\\/www.livedeep.tv\\\/web\\\/wp-content\\\/uploads\\\/avatars\\\/1\\\/5d9525a1f239d-bpfull.jpg\",\"contentUrl\":\"https:\\\/\\\/www.livedeep.tv\\\/web\\\/wp-content\\\/uploads\\\/avatars\\\/1\\\/5d9525a1f239d-bpfull.jpg\",\"caption\":\"LvDP.TV Synthetintelligence\u2122\"},\"description\":\"Any info about our website, please let me know. Thanks.\",\"sameAs\":[\"https:\\\/\\\/www.livedeep.tv\"],\"url\":\"https:\\\/\\\/www.livedeep.tv\\\/web\\\/es\\\/author\\\/infolivedeep-tv\\\/\"}]}<\/script>\n<!-- \/ Yoast SEO Premium plugin. -->","yoast_head_json":{"title":"Un viaje a la vida | Reflexi\u00f3n | Si alg\u00fan d\u00eda me ves triste, no me digas nada. - LiveDEEP.TV","robots":{"index":"index","follow":"follow","max-snippet":"max-snippet:-1","max-image-preview":"max-image-preview:large","max-video-preview":"max-video-preview:-1"},"canonical":"https:\/\/www.livedeep.tv\/web\/es\/2019\/10\/un-viaje-a-la-vida-reflexion-si-algun-dia-me-ves-triste-no-me-digas-nada\/","og_locale":"es_ES","og_type":"article","og_title":"Un viaje a la vida | Reflexi\u00f3n | Si alg\u00fan d\u00eda me ves triste, no me digas nada.","og_description":"Un mensaje de agradecimiento y despedida. Iniciemos juntos un nuevo sue\u00f1o, suscr\u00edbete al nuevo canal: Facebook: Instagram: \u00a1Muchas gracias por haber formado parte de \u00e9ste hermoso viaje! source","og_url":"https:\/\/www.livedeep.tv\/web\/es\/2019\/10\/un-viaje-a-la-vida-reflexion-si-algun-dia-me-ves-triste-no-me-digas-nada\/","og_site_name":"LiveDEEP.TV","article_published_time":"2019-10-21T10:52:56+00:00","og_image":[{"url":"https:\/\/i.ytimg.com\/vi\/uGvSkZ38oBY\/hqdefault.jpg","type":"","width":"","height":""}],"author":"LvDP.TV Synthetintelligence\u2122","twitter_card":"summary_large_image","twitter_image":"https:\/\/i.ytimg.com\/vi\/uGvSkZ38oBY\/hqdefault.jpg","twitter_misc":{"Escrito por":"LvDP.TV Synthetintelligence\u2122","Written by":"LvDP.TV Synthetintelligence\u2122"},"schema":{"@context":"https:\/\/schema.org","@graph":[{"@type":"Article","@id":"https:\/\/www.livedeep.tv\/web\/es\/2019\/10\/un-viaje-a-la-vida-reflexion-si-algun-dia-me-ves-triste-no-me-digas-nada\/#article","isPartOf":{"@id":"https:\/\/www.livedeep.tv\/web\/es\/2019\/10\/un-viaje-a-la-vida-reflexion-si-algun-dia-me-ves-triste-no-me-digas-nada\/"},"author":{"name":"LvDP.TV Synthetintelligence\u2122","@id":"https:\/\/www.livedeep.tv\/web\/es\/#\/schema\/person\/0578354f0a78cc36dbf665f7a5f47946"},"headline":"Un viaje a la vida | Reflexi\u00f3n | Si alg\u00fan d\u00eda me ves triste, no me digas nada.","datePublished":"2019-10-21T10:52:56+00:00","mainEntityOfPage":{"@id":"https:\/\/www.livedeep.tv\/web\/es\/2019\/10\/un-viaje-a-la-vida-reflexion-si-algun-dia-me-ves-triste-no-me-digas-nada\/"},"wordCount":49,"commentCount":0,"publisher":{"@id":"https:\/\/www.livedeep.tv\/web\/es\/#organization"},"image":{"@id":"https:\/\/www.livedeep.tv\/web\/es\/2019\/10\/un-viaje-a-la-vida-reflexion-si-algun-dia-me-ves-triste-no-me-digas-nada\/#primaryimage"},"thumbnailUrl":"https:\/\/i.ytimg.com\/vi\/uGvSkZ38oBY\/hqdefault.jpg","articleSection":["Life Style"],"inLanguage":"es","potentialAction":[{"@type":"CommentAction","name":"Comment","target":["https:\/\/www.livedeep.tv\/web\/es\/2019\/10\/un-viaje-a-la-vida-reflexion-si-algun-dia-me-ves-triste-no-me-digas-nada\/#respond"]}]},{"@type":"WebPage","@id":"https:\/\/www.livedeep.tv\/web\/es\/2019\/10\/un-viaje-a-la-vida-reflexion-si-algun-dia-me-ves-triste-no-me-digas-nada\/","url":"https:\/\/www.livedeep.tv\/web\/es\/2019\/10\/un-viaje-a-la-vida-reflexion-si-algun-dia-me-ves-triste-no-me-digas-nada\/","name":"Un viaje a la vida | Reflexi\u00f3n | Si alg\u00fan d\u00eda me ves triste, no me digas nada. - LiveDEEP.TV","isPartOf":{"@id":"https:\/\/www.livedeep.tv\/web\/es\/#website"},"primaryImageOfPage":{"@id":"https:\/\/www.livedeep.tv\/web\/es\/2019\/10\/un-viaje-a-la-vida-reflexion-si-algun-dia-me-ves-triste-no-me-digas-nada\/#primaryimage"},"image":{"@id":"https:\/\/www.livedeep.tv\/web\/es\/2019\/10\/un-viaje-a-la-vida-reflexion-si-algun-dia-me-ves-triste-no-me-digas-nada\/#primaryimage"},"thumbnailUrl":"https:\/\/i.ytimg.com\/vi\/uGvSkZ38oBY\/hqdefault.jpg","datePublished":"2019-10-21T10:52:56+00:00","breadcrumb":{"@id":"https:\/\/www.livedeep.tv\/web\/es\/2019\/10\/un-viaje-a-la-vida-reflexion-si-algun-dia-me-ves-triste-no-me-digas-nada\/#breadcrumb"},"inLanguage":"es","potentialAction":[{"@type":"ReadAction","target":["https:\/\/www.livedeep.tv\/web\/es\/2019\/10\/un-viaje-a-la-vida-reflexion-si-algun-dia-me-ves-triste-no-me-digas-nada\/"]}]},{"@type":"ImageObject","inLanguage":"es","@id":"https:\/\/www.livedeep.tv\/web\/es\/2019\/10\/un-viaje-a-la-vida-reflexion-si-algun-dia-me-ves-triste-no-me-digas-nada\/#primaryimage","url":"https:\/\/i.ytimg.com\/vi\/uGvSkZ38oBY\/hqdefault.jpg","contentUrl":"https:\/\/i.ytimg.com\/vi\/uGvSkZ38oBY\/hqdefault.jpg"},{"@type":"BreadcrumbList","@id":"https:\/\/www.livedeep.tv\/web\/es\/2019\/10\/un-viaje-a-la-vida-reflexion-si-algun-dia-me-ves-triste-no-me-digas-nada\/#breadcrumb","itemListElement":[{"@type":"ListItem","position":1,"name":"Home","item":"https:\/\/www.livedeep.tv\/web\/es\/"},{"@type":"ListItem","position":2,"name":"Un viaje a la vida | Reflexi\u00f3n | Si alg\u00fan d\u00eda me ves triste, no me digas nada."}]},{"@type":"WebSite","@id":"https:\/\/www.livedeep.tv\/web\/es\/#website","url":"https:\/\/www.livedeep.tv\/web\/es\/","name":"LiveDEEP.TV","description":"Just another WordPress site","publisher":{"@id":"https:\/\/www.livedeep.tv\/web\/es\/#organization"},"potentialAction":[{"@type":"SearchAction","target":{"@type":"EntryPoint","urlTemplate":"https:\/\/www.livedeep.tv\/web\/es\/?s={search_term_string}"},"query-input":{"@type":"PropertyValueSpecification","valueRequired":true,"valueName":"search_term_string"}}],"inLanguage":"es"},{"@type":"Organization","@id":"https:\/\/www.livedeep.tv\/web\/es\/#organization","name":"LiveDEEP.TV","url":"https:\/\/www.livedeep.tv\/web\/es\/","logo":{"@type":"ImageObject","inLanguage":"es","@id":"https:\/\/www.livedeep.tv\/web\/es\/#\/schema\/logo\/image\/","url":"https:\/\/www.livedeep.tv\/web\/wp-content\/uploads\/2019\/10\/lvd-uplogoretina.png","contentUrl":"https:\/\/www.livedeep.tv\/web\/wp-content\/uploads\/2019\/10\/lvd-uplogoretina.png","width":544,"height":173,"caption":"LiveDEEP.TV"},"image":{"@id":"https:\/\/www.livedeep.tv\/web\/es\/#\/schema\/logo\/image\/"}},{"@type":"Person","@id":"https:\/\/www.livedeep.tv\/web\/es\/#\/schema\/person\/0578354f0a78cc36dbf665f7a5f47946","name":"LvDP.TV Synthetintelligence\u2122","image":{"@type":"ImageObject","inLanguage":"es","@id":"https:\/\/www.livedeep.tv\/web\/wp-content\/uploads\/avatars\/1\/5d9525a1f239d-bpfull.jpg3d90d9a792288d4099044e0f9c3bf9c0","url":"https:\/\/www.livedeep.tv\/web\/wp-content\/uploads\/avatars\/1\/5d9525a1f239d-bpfull.jpg","contentUrl":"https:\/\/www.livedeep.tv\/web\/wp-content\/uploads\/avatars\/1\/5d9525a1f239d-bpfull.jpg","caption":"LvDP.TV Synthetintelligence\u2122"},"description":"Any info about our website, please let me know. Thanks.","sameAs":["https:\/\/www.livedeep.tv"],"url":"https:\/\/www.livedeep.tv\/web\/es\/author\/infolivedeep-tv\/"}]}},"amp_enabled":true,"fifu_image_url":"https:\/\/i.ytimg.com\/vi\/uGvSkZ38oBY\/hqdefault.jpg","fifu_video_url":"https:\/\/www.youtube.com\/embed\/uGvSkZ38oBY","_links":{"self":[{"href":"https:\/\/www.livedeep.tv\/web\/es\/wp-json\/wp\/v2\/posts\/1990","targetHints":{"allow":["GET"]}}],"collection":[{"href":"https:\/\/www.livedeep.tv\/web\/es\/wp-json\/wp\/v2\/posts"}],"about":[{"href":"https:\/\/www.livedeep.tv\/web\/es\/wp-json\/wp\/v2\/types\/post"}],"author":[{"embeddable":true,"href":"https:\/\/www.livedeep.tv\/web\/es\/wp-json\/wp\/v2\/users\/1"}],"replies":[{"embeddable":true,"href":"https:\/\/www.livedeep.tv\/web\/es\/wp-json\/wp\/v2\/comments?post=1990"}],"version-history":[{"count":0,"href":"https:\/\/www.livedeep.tv\/web\/es\/wp-json\/wp\/v2\/posts\/1990\/revisions"}],"wp:featuredmedia":[{"embeddable":true,"href":"https:\/\/www.livedeep.tv\/web\/es\/wp-json\/wp\/v2\/media\/326840"}],"wp:attachment":[{"href":"https:\/\/www.livedeep.tv\/web\/es\/wp-json\/wp\/v2\/media?parent=1990"}],"wp:term":[{"taxonomy":"category","embeddable":true,"href":"https:\/\/www.livedeep.tv\/web\/es\/wp-json\/wp\/v2\/categories?post=1990"},{"taxonomy":"post_tag","embeddable":true,"href":"https:\/\/www.livedeep.tv\/web\/es\/wp-json\/wp\/v2\/tags?post=1990"},{"taxonomy":"author","embeddable":true,"href":"https:\/\/www.livedeep.tv\/web\/es\/wp-json\/wp\/v2\/coauthors?post=1990"}],"curies":[{"name":"wp","href":"https:\/\/api.w.org\/{rel}","templated":true}]}}