{"id":14446,"date":"2022-02-25T07:46:08","date_gmt":"2022-02-25T15:46:08","guid":{"rendered":"https:\/\/www.livedeep.tv\/2022\/02\/noticias-positivas-residencia-para-inmigrantes-nuevo-proyecto-de-ley-reconciliacion-de-biden\/"},"modified":"2022-02-25T07:46:08","modified_gmt":"2022-02-25T15:46:08","slug":"noticias-positivas-residencia-para-inmigrantes-nuevo-proyecto-de-ley-reconciliacion-de-biden","status":"publish","type":"post","link":"https:\/\/www.livedeep.tv\/web\/es\/2022\/02\/noticias-positivas-residencia-para-inmigrantes-nuevo-proyecto-de-ley-reconciliacion-de-biden\/","title":{"rendered":"Noticias Positivas: Residencia Para Inmigrantes | Nuevo Proyecto de Ley, Reconciliaci\u00f3n de Biden"},"content":{"rendered":"<p><iframe loading=\"lazy\"  width=\"580\" height=\"385\" src=\"https:\/\/www.youtube.com\/embed\/muWeUjIo4rs?rel=0&#038;modestbranding=1\" frameborder=\"0\" allowfullscreen><\/iframe><br \/>\n<br \/>Noticias Positivas: Residencia Para Inmigrantes | Nuevo Proyecto de Ley, Reconciliaci\u00f3n de Biden<\/p>\n<p>CONSULTAS: \ud83c\uddfa\ud83c\uddf8WhatsApp +1 (305) 482-1595<\/p>\n<p>Aclararamos nuestra opini\u00f3n expresada en el live en los siguientes t\u00e9rminos:<\/p>\n<p>El texto del proyecto de ley que actualmente se encuentra en la Cam\u00e1ra de Representantes de los U.S. expresa que:<\/p>\n<p>Quien se encuentre en EE. UU. bajo el Estatus de Protecci\u00f3n Temporal (TPS) califica si:<\/p>\n<p>(1) Ha estado en los Estados Unidos durante tres a\u00f1os o m\u00e1s;<br \/>\n(2) Tuvo TPS o calific\u00f3 para TPS el 1 de enero de 2017; y<br \/>\n(3) \u00abNo haber participado en una conducta\u00bb que los har\u00eda inelegibles para TPS:<\/p>\n<p>Por otro lado, quien haya sido beneficiario de Salida Forzada Diferida (DED &#8211; Deferred Enforced Departure) califica si:<\/p>\n<p>(1) Ha estado en los Estados Unidos durante tres a\u00f1os o m\u00e1s;<br \/>\n(2) Era elegibles para DED a partir del 20 de enero de 2021;<br \/>\n(3) \u00abNo haber participado en una conducta\u00bb que los har\u00eda inelegibles para DED <\/p>\n<p>Ahora, en relaci\u00f3n con el Memorando de 19 de enero de 2021 Salida Forzosa Diferida (DED) para ciertos venezolanos suscrito por el Presidente Donald Trump, expres\u00f3 que:<\/p>\n<p>\u00abLe ordeno tomar las medidas oportunas para diferir por 18 meses la deportaci\u00f3n de cualquier nacional de Venezuela, o extranjero sin nacionalidad que haya residido habitualmente en Venezuela por \u00faltima vez, que se encuentre presente en los Estados Unidos al 20 de enero de 2021\u00bb<\/p>\n<p>Por consiguiente, si el proyecto de ley actual del cual hablamos en este live es aprobado como ley, los Venezolanos beneficiarios de DED ser\u00edan inclu\u00eddos en la reforma migratoria. \u200b<\/p>\n<p>\/\/ PUEDES VISITAR Y SUSCRIBIRTE TAMBIEN NUESTRAS REDES SOCIALES<br \/>\n\ud83c\uddfa\ud83c\uddf8<br \/>\nINSTAGRAM:<br \/>\nFACEBOOK:<br \/>\nYOUTUBE CHANNEL:<br \/>\nLINKEDIN:<br \/>\nTWITTER: <\/p>\n<p>www.AbogadoLuisVictoria.com<br \/>\nM\u00e1s informaci\u00f3n sobre el abogado Luis Victoria con licencia para ejercer el derecho en los Estados Unidos: <\/p>\n<p>#DORALIMMIGRATIONLAWYER\u200b #MIAMIIMMIGRATIONLAW\u200b #IMMIGRATIONLAW\u200b #USA\u200b #COLOMBIA #VENEZUELA\u200b #EUROPA\u200b #ESPANA #USCIS\u200b #USA\u200b #VISAS\u200b #EMBASSY\u200b #UPDATE\u200b #TEMPORARYVISA\u200b #PERMAMENTVISA\u200b #GREENCARD\u200b #CITIZENSHIP\u200b #WAIVER\u200b #AMERICANDREAM\u200b #LUISVICTORIALAW\u200b #ABOGADOLUISVICTORIA\u200b #VAWA\u200b #RESIDENCIA\u200b #colombia #colombia\ud83c\udde8\ud83c\uddf4 #colombianosenelexterior #colombiano #colombiana #abogadocolombiano #latinosenmiami #inmigracioncolombia #inmigrantes #inmigrantesenmiami #miami #usa #colombianosenmiami #colombianosendoral #colombianosenorlando #colombianosenatlanta #colombianosentenessee #colombianosenNY #colombianosennewjersey #colombianoscolumbus #colombianosencincinnati #colombianosenchicago #colombianosentexas #colombianosenhouston #colombianosendallas #colombianosporelmundo #clasesdeinmigracion #paralegal #abogadodeinmigracion #colombianosenbogota #colombianosenmedellin #colombianosencali #colombianosencartagena #medellin #cali #bogota<\/p>\n<p>NOTICE: Our YouTube channel is primarily intended to provide useful information for people, especially immigrants. Likewise, one of the fundamental purposes of our channel is to educate and inform people about the federal system of the United States, specifically regarding immigration law. On the other hand, we want to keep our subscribers informed about changes in federal immigration law and about policies implemented by the government. Respectful debate and opinions about what we are sharing on our channel are welcome, based on freedom of expression. However, if you use your comments in order to attack others or to post inappropriate or hateful comments, you should know that these comments will be removed. Also, if you continue to violate the rules of decency, you will be denied access to our channel. <\/p>\n<p>La informaci\u00f3n proporcionada en este video y publicaci\u00f3n es \u00fanicamente para fines de informaci\u00f3n general. En general, la informaci\u00f3n que obtiene en este canal de YouTube no es, ni pretende ser, un consejo legal; por lo tanto, no debe interpretarse como una comunicaci\u00f3n de asesoramiento u opini\u00f3n legal. Adem\u00e1s, esta informaci\u00f3n no pretende crear una relaci\u00f3n abogado-cliente. Las historias de \u00e9xito se basan en casos reales. Sin embargo, cada caso es diferente y los \u00e9xitos pasados \u200b\u200bno garantizan que todos los casos tengan un resultado similar. El abogado Luis Victoria tiene licencia del State Bar of Florida y es miembro de la Asociaci\u00f3n Estadounidense de Abogados de Inmigraci\u00f3n (AILA). Debe consultar a un abogado para obtener asesoramiento legal con respecto a su caso particular o problema legal. Puede llamarnos o tambi\u00e9n enviarnos una carta, ya sea por correo postal o por correo electr\u00f3nico. Sin embargo, contactarnos no crea una relaci\u00f3n abogado-cliente.<br \/>\n<br \/><a href=\"https:\/\/www.youtube.com\/watch?v=muWeUjIo4rs\">source<\/a><\/p>\n","protected":false},"excerpt":{"rendered":"<p>Noticias Positivas: Residencia Para Inmigrantes | Nuevo Proyecto de Ley, Reconciliaci\u00f3n de Biden CONSULTAS: \ud83c\uddfa\ud83c\uddf8WhatsApp +1 (305) 482-1595 Aclararamos nuestra opini\u00f3n expresada en el live en los siguientes t\u00e9rminos: El texto del proyecto de ley que actualmente se encuentra en la Cam\u00e1ra de Representantes de los U.S. expresa que: Quien se encuentre en EE. UU. &hellip;<\/p>\n","protected":false},"author":1,"featured_media":335939,"comment_status":"open","ping_status":"closed","sticky":false,"template":"","format":"standard","meta":{"footnotes":""},"categories":[1],"tags":[],"coauthors":[62],"class_list":["post-14446","post","type-post","status-publish","format-standard","has-post-thumbnail","hentry","category-uncategorized"],"yoast_head":"<!-- This site is optimized with the Yoast SEO Premium plugin v26.6 (Yoast SEO v27.4) - https:\/\/yoast.com\/product\/yoast-seo-premium-wordpress\/ -->\n<title>Noticias Positivas: Residencia Para Inmigrantes | Nuevo Proyecto de Ley, Reconciliaci\u00f3n de Biden - LiveDEEP.TV<\/title>\n<meta name=\"robots\" content=\"index, follow, max-snippet:-1, max-image-preview:large, max-video-preview:-1\" \/>\n<link rel=\"canonical\" href=\"https:\/\/www.livedeep.tv\/web\/es\/2022\/02\/noticias-positivas-residencia-para-inmigrantes-nuevo-proyecto-de-ley-reconciliacion-de-biden\/\" \/>\n<meta property=\"og:locale\" content=\"es_ES\" \/>\n<meta property=\"og:type\" content=\"article\" \/>\n<meta property=\"og:title\" content=\"Noticias Positivas: Residencia Para Inmigrantes | Nuevo Proyecto de Ley, Reconciliaci\u00f3n de Biden\" \/>\n<meta property=\"og:description\" content=\"Noticias Positivas: Residencia Para Inmigrantes | Nuevo Proyecto de Ley, Reconciliaci\u00f3n de Biden CONSULTAS: \ud83c\uddfa\ud83c\uddf8WhatsApp +1 (305) 482-1595 Aclararamos nuestra opini\u00f3n expresada en el live en los siguientes t\u00e9rminos: El texto del proyecto de ley que actualmente se encuentra en la Cam\u00e1ra de Representantes de los U.S. expresa que: Quien se encuentre en EE. UU. &hellip;\" \/>\n<meta property=\"og:url\" content=\"https:\/\/www.livedeep.tv\/web\/es\/2022\/02\/noticias-positivas-residencia-para-inmigrantes-nuevo-proyecto-de-ley-reconciliacion-de-biden\/\" \/>\n<meta property=\"og:site_name\" content=\"LiveDEEP.TV\" \/>\n<meta property=\"article:published_time\" content=\"2022-02-25T15:46:08+00:00\" \/>\n<meta property=\"og:image\" content=\"https:\/\/img.youtube.com\/vi\/muWeUjIo4rs\/maxresdefault.jpg?\" \/>\n<meta name=\"author\" content=\"LvDP.TV Synthetintelligence\u2122\" \/>\n<meta name=\"twitter:card\" content=\"summary_large_image\" \/>\n<meta name=\"twitter:image\" content=\"https:\/\/img.youtube.com\/vi\/muWeUjIo4rs\/maxresdefault.jpg?\" \/>\n<meta name=\"twitter:label1\" content=\"Escrito por\" \/>\n\t<meta name=\"twitter:data1\" content=\"LvDP.TV Synthetintelligence\u2122\" \/>\n\t<meta name=\"twitter:label2\" content=\"Tiempo de lectura\" \/>\n\t<meta name=\"twitter:data2\" content=\"3 minutos\" \/>\n\t<meta name=\"twitter:label3\" content=\"Written by\" \/>\n\t<meta name=\"twitter:data3\" content=\"LvDP.TV Synthetintelligence\u2122\" \/>\n<script type=\"application\/ld+json\" class=\"yoast-schema-graph\">{\"@context\":\"https:\\\/\\\/schema.org\",\"@graph\":[{\"@type\":\"Article\",\"@id\":\"https:\\\/\\\/www.livedeep.tv\\\/web\\\/es\\\/2022\\\/02\\\/noticias-positivas-residencia-para-inmigrantes-nuevo-proyecto-de-ley-reconciliacion-de-biden\\\/#article\",\"isPartOf\":{\"@id\":\"https:\\\/\\\/www.livedeep.tv\\\/web\\\/es\\\/2022\\\/02\\\/noticias-positivas-residencia-para-inmigrantes-nuevo-proyecto-de-ley-reconciliacion-de-biden\\\/\"},\"author\":{\"name\":\"LvDP.TV Synthetintelligence\u2122\",\"@id\":\"https:\\\/\\\/www.livedeep.tv\\\/web\\\/es\\\/#\\\/schema\\\/person\\\/0578354f0a78cc36dbf665f7a5f47946\"},\"headline\":\"Noticias Positivas: Residencia Para Inmigrantes | Nuevo Proyecto de Ley, Reconciliaci\u00f3n de Biden\",\"datePublished\":\"2022-02-25T15:46:08+00:00\",\"mainEntityOfPage\":{\"@id\":\"https:\\\/\\\/www.livedeep.tv\\\/web\\\/es\\\/2022\\\/02\\\/noticias-positivas-residencia-para-inmigrantes-nuevo-proyecto-de-ley-reconciliacion-de-biden\\\/\"},\"wordCount\":662,\"commentCount\":0,\"publisher\":{\"@id\":\"https:\\\/\\\/www.livedeep.tv\\\/web\\\/es\\\/#organization\"},\"image\":{\"@id\":\"https:\\\/\\\/www.livedeep.tv\\\/web\\\/es\\\/2022\\\/02\\\/noticias-positivas-residencia-para-inmigrantes-nuevo-proyecto-de-ley-reconciliacion-de-biden\\\/#primaryimage\"},\"thumbnailUrl\":\"https:\\\/\\\/www.livedeep.tv\\\/web\\\/wp-content\\\/uploads\\\/https:\\\/\\\/img.youtube.com\\\/vi\\\/muWeUjIo4rs\\\/maxresdefault.jpg?\",\"articleSection\":[\"Uncategorized\"],\"inLanguage\":\"es\",\"potentialAction\":[{\"@type\":\"CommentAction\",\"name\":\"Comment\",\"target\":[\"https:\\\/\\\/www.livedeep.tv\\\/web\\\/es\\\/2022\\\/02\\\/noticias-positivas-residencia-para-inmigrantes-nuevo-proyecto-de-ley-reconciliacion-de-biden\\\/#respond\"]}]},{\"@type\":\"WebPage\",\"@id\":\"https:\\\/\\\/www.livedeep.tv\\\/web\\\/es\\\/2022\\\/02\\\/noticias-positivas-residencia-para-inmigrantes-nuevo-proyecto-de-ley-reconciliacion-de-biden\\\/\",\"url\":\"https:\\\/\\\/www.livedeep.tv\\\/web\\\/es\\\/2022\\\/02\\\/noticias-positivas-residencia-para-inmigrantes-nuevo-proyecto-de-ley-reconciliacion-de-biden\\\/\",\"name\":\"Noticias Positivas: Residencia Para Inmigrantes | Nuevo Proyecto de Ley, Reconciliaci\u00f3n de Biden - LiveDEEP.TV\",\"isPartOf\":{\"@id\":\"https:\\\/\\\/www.livedeep.tv\\\/web\\\/es\\\/#website\"},\"primaryImageOfPage\":{\"@id\":\"https:\\\/\\\/www.livedeep.tv\\\/web\\\/es\\\/2022\\\/02\\\/noticias-positivas-residencia-para-inmigrantes-nuevo-proyecto-de-ley-reconciliacion-de-biden\\\/#primaryimage\"},\"image\":{\"@id\":\"https:\\\/\\\/www.livedeep.tv\\\/web\\\/es\\\/2022\\\/02\\\/noticias-positivas-residencia-para-inmigrantes-nuevo-proyecto-de-ley-reconciliacion-de-biden\\\/#primaryimage\"},\"thumbnailUrl\":\"https:\\\/\\\/www.livedeep.tv\\\/web\\\/wp-content\\\/uploads\\\/https:\\\/\\\/img.youtube.com\\\/vi\\\/muWeUjIo4rs\\\/maxresdefault.jpg?\",\"datePublished\":\"2022-02-25T15:46:08+00:00\",\"breadcrumb\":{\"@id\":\"https:\\\/\\\/www.livedeep.tv\\\/web\\\/es\\\/2022\\\/02\\\/noticias-positivas-residencia-para-inmigrantes-nuevo-proyecto-de-ley-reconciliacion-de-biden\\\/#breadcrumb\"},\"inLanguage\":\"es\",\"potentialAction\":[{\"@type\":\"ReadAction\",\"target\":[\"https:\\\/\\\/www.livedeep.tv\\\/web\\\/es\\\/2022\\\/02\\\/noticias-positivas-residencia-para-inmigrantes-nuevo-proyecto-de-ley-reconciliacion-de-biden\\\/\"]}]},{\"@type\":\"ImageObject\",\"inLanguage\":\"es\",\"@id\":\"https:\\\/\\\/www.livedeep.tv\\\/web\\\/es\\\/2022\\\/02\\\/noticias-positivas-residencia-para-inmigrantes-nuevo-proyecto-de-ley-reconciliacion-de-biden\\\/#primaryimage\",\"url\":\"https:\\\/\\\/www.livedeep.tv\\\/web\\\/wp-content\\\/uploads\\\/https:\\\/\\\/img.youtube.com\\\/vi\\\/muWeUjIo4rs\\\/maxresdefault.jpg?\",\"contentUrl\":\"https:\\\/\\\/www.livedeep.tv\\\/web\\\/wp-content\\\/uploads\\\/https:\\\/\\\/img.youtube.com\\\/vi\\\/muWeUjIo4rs\\\/maxresdefault.jpg?\"},{\"@type\":\"BreadcrumbList\",\"@id\":\"https:\\\/\\\/www.livedeep.tv\\\/web\\\/es\\\/2022\\\/02\\\/noticias-positivas-residencia-para-inmigrantes-nuevo-proyecto-de-ley-reconciliacion-de-biden\\\/#breadcrumb\",\"itemListElement\":[{\"@type\":\"ListItem\",\"position\":1,\"name\":\"Home\",\"item\":\"https:\\\/\\\/www.livedeep.tv\\\/web\\\/es\\\/\"},{\"@type\":\"ListItem\",\"position\":2,\"name\":\"Noticias Positivas: Residencia Para Inmigrantes | Nuevo Proyecto de Ley, Reconciliaci\u00f3n de Biden\"}]},{\"@type\":\"WebSite\",\"@id\":\"https:\\\/\\\/www.livedeep.tv\\\/web\\\/es\\\/#website\",\"url\":\"https:\\\/\\\/www.livedeep.tv\\\/web\\\/es\\\/\",\"name\":\"LiveDEEP.TV\",\"description\":\"Just another WordPress site\",\"publisher\":{\"@id\":\"https:\\\/\\\/www.livedeep.tv\\\/web\\\/es\\\/#organization\"},\"potentialAction\":[{\"@type\":\"SearchAction\",\"target\":{\"@type\":\"EntryPoint\",\"urlTemplate\":\"https:\\\/\\\/www.livedeep.tv\\\/web\\\/es\\\/?s={search_term_string}\"},\"query-input\":{\"@type\":\"PropertyValueSpecification\",\"valueRequired\":true,\"valueName\":\"search_term_string\"}}],\"inLanguage\":\"es\"},{\"@type\":\"Organization\",\"@id\":\"https:\\\/\\\/www.livedeep.tv\\\/web\\\/es\\\/#organization\",\"name\":\"LiveDEEP.TV\",\"url\":\"https:\\\/\\\/www.livedeep.tv\\\/web\\\/es\\\/\",\"logo\":{\"@type\":\"ImageObject\",\"inLanguage\":\"es\",\"@id\":\"https:\\\/\\\/www.livedeep.tv\\\/web\\\/es\\\/#\\\/schema\\\/logo\\\/image\\\/\",\"url\":\"https:\\\/\\\/www.livedeep.tv\\\/web\\\/wp-content\\\/uploads\\\/2019\\\/10\\\/lvd-uplogoretina.png\",\"contentUrl\":\"https:\\\/\\\/www.livedeep.tv\\\/web\\\/wp-content\\\/uploads\\\/2019\\\/10\\\/lvd-uplogoretina.png\",\"width\":544,\"height\":173,\"caption\":\"LiveDEEP.TV\"},\"image\":{\"@id\":\"https:\\\/\\\/www.livedeep.tv\\\/web\\\/es\\\/#\\\/schema\\\/logo\\\/image\\\/\"}},{\"@type\":\"Person\",\"@id\":\"https:\\\/\\\/www.livedeep.tv\\\/web\\\/es\\\/#\\\/schema\\\/person\\\/0578354f0a78cc36dbf665f7a5f47946\",\"name\":\"LvDP.TV Synthetintelligence\u2122\",\"image\":{\"@type\":\"ImageObject\",\"inLanguage\":\"es\",\"@id\":\"https:\\\/\\\/www.livedeep.tv\\\/web\\\/wp-content\\\/uploads\\\/avatars\\\/1\\\/5d9525a1f239d-bpfull.jpg3d90d9a792288d4099044e0f9c3bf9c0\",\"url\":\"https:\\\/\\\/www.livedeep.tv\\\/web\\\/wp-content\\\/uploads\\\/avatars\\\/1\\\/5d9525a1f239d-bpfull.jpg\",\"contentUrl\":\"https:\\\/\\\/www.livedeep.tv\\\/web\\\/wp-content\\\/uploads\\\/avatars\\\/1\\\/5d9525a1f239d-bpfull.jpg\",\"caption\":\"LvDP.TV Synthetintelligence\u2122\"},\"description\":\"Any info about our website, please let me know. Thanks.\",\"sameAs\":[\"https:\\\/\\\/www.livedeep.tv\"],\"url\":\"https:\\\/\\\/www.livedeep.tv\\\/web\\\/es\\\/author\\\/infolivedeep-tv\\\/\"}]}<\/script>\n<!-- \/ Yoast SEO Premium plugin. -->","yoast_head_json":{"title":"Noticias Positivas: Residencia Para Inmigrantes | Nuevo Proyecto de Ley, Reconciliaci\u00f3n de Biden - LiveDEEP.TV","robots":{"index":"index","follow":"follow","max-snippet":"max-snippet:-1","max-image-preview":"max-image-preview:large","max-video-preview":"max-video-preview:-1"},"canonical":"https:\/\/www.livedeep.tv\/web\/es\/2022\/02\/noticias-positivas-residencia-para-inmigrantes-nuevo-proyecto-de-ley-reconciliacion-de-biden\/","og_locale":"es_ES","og_type":"article","og_title":"Noticias Positivas: Residencia Para Inmigrantes | Nuevo Proyecto de Ley, Reconciliaci\u00f3n de Biden","og_description":"Noticias Positivas: Residencia Para Inmigrantes | Nuevo Proyecto de Ley, Reconciliaci\u00f3n de Biden CONSULTAS: \ud83c\uddfa\ud83c\uddf8WhatsApp +1 (305) 482-1595 Aclararamos nuestra opini\u00f3n expresada en el live en los siguientes t\u00e9rminos: El texto del proyecto de ley que actualmente se encuentra en la Cam\u00e1ra de Representantes de los U.S. expresa que: Quien se encuentre en EE. UU. &hellip;","og_url":"https:\/\/www.livedeep.tv\/web\/es\/2022\/02\/noticias-positivas-residencia-para-inmigrantes-nuevo-proyecto-de-ley-reconciliacion-de-biden\/","og_site_name":"LiveDEEP.TV","article_published_time":"2022-02-25T15:46:08+00:00","og_image":[{"url":"https:\/\/img.youtube.com\/vi\/muWeUjIo4rs\/maxresdefault.jpg?","type":"","width":"","height":""}],"author":"LvDP.TV Synthetintelligence\u2122","twitter_card":"summary_large_image","twitter_image":"https:\/\/img.youtube.com\/vi\/muWeUjIo4rs\/maxresdefault.jpg?","twitter_misc":{"Escrito por":"LvDP.TV Synthetintelligence\u2122","Tiempo de lectura":"3 minutos","Written by":"LvDP.TV Synthetintelligence\u2122"},"schema":{"@context":"https:\/\/schema.org","@graph":[{"@type":"Article","@id":"https:\/\/www.livedeep.tv\/web\/es\/2022\/02\/noticias-positivas-residencia-para-inmigrantes-nuevo-proyecto-de-ley-reconciliacion-de-biden\/#article","isPartOf":{"@id":"https:\/\/www.livedeep.tv\/web\/es\/2022\/02\/noticias-positivas-residencia-para-inmigrantes-nuevo-proyecto-de-ley-reconciliacion-de-biden\/"},"author":{"name":"LvDP.TV Synthetintelligence\u2122","@id":"https:\/\/www.livedeep.tv\/web\/es\/#\/schema\/person\/0578354f0a78cc36dbf665f7a5f47946"},"headline":"Noticias Positivas: Residencia Para Inmigrantes | Nuevo Proyecto de Ley, Reconciliaci\u00f3n de Biden","datePublished":"2022-02-25T15:46:08+00:00","mainEntityOfPage":{"@id":"https:\/\/www.livedeep.tv\/web\/es\/2022\/02\/noticias-positivas-residencia-para-inmigrantes-nuevo-proyecto-de-ley-reconciliacion-de-biden\/"},"wordCount":662,"commentCount":0,"publisher":{"@id":"https:\/\/www.livedeep.tv\/web\/es\/#organization"},"image":{"@id":"https:\/\/www.livedeep.tv\/web\/es\/2022\/02\/noticias-positivas-residencia-para-inmigrantes-nuevo-proyecto-de-ley-reconciliacion-de-biden\/#primaryimage"},"thumbnailUrl":"https:\/\/www.livedeep.tv\/web\/wp-content\/uploads\/https:\/\/img.youtube.com\/vi\/muWeUjIo4rs\/maxresdefault.jpg?","articleSection":["Uncategorized"],"inLanguage":"es","potentialAction":[{"@type":"CommentAction","name":"Comment","target":["https:\/\/www.livedeep.tv\/web\/es\/2022\/02\/noticias-positivas-residencia-para-inmigrantes-nuevo-proyecto-de-ley-reconciliacion-de-biden\/#respond"]}]},{"@type":"WebPage","@id":"https:\/\/www.livedeep.tv\/web\/es\/2022\/02\/noticias-positivas-residencia-para-inmigrantes-nuevo-proyecto-de-ley-reconciliacion-de-biden\/","url":"https:\/\/www.livedeep.tv\/web\/es\/2022\/02\/noticias-positivas-residencia-para-inmigrantes-nuevo-proyecto-de-ley-reconciliacion-de-biden\/","name":"Noticias Positivas: Residencia Para Inmigrantes | Nuevo Proyecto de Ley, Reconciliaci\u00f3n de Biden - LiveDEEP.TV","isPartOf":{"@id":"https:\/\/www.livedeep.tv\/web\/es\/#website"},"primaryImageOfPage":{"@id":"https:\/\/www.livedeep.tv\/web\/es\/2022\/02\/noticias-positivas-residencia-para-inmigrantes-nuevo-proyecto-de-ley-reconciliacion-de-biden\/#primaryimage"},"image":{"@id":"https:\/\/www.livedeep.tv\/web\/es\/2022\/02\/noticias-positivas-residencia-para-inmigrantes-nuevo-proyecto-de-ley-reconciliacion-de-biden\/#primaryimage"},"thumbnailUrl":"https:\/\/www.livedeep.tv\/web\/wp-content\/uploads\/https:\/\/img.youtube.com\/vi\/muWeUjIo4rs\/maxresdefault.jpg?","datePublished":"2022-02-25T15:46:08+00:00","breadcrumb":{"@id":"https:\/\/www.livedeep.tv\/web\/es\/2022\/02\/noticias-positivas-residencia-para-inmigrantes-nuevo-proyecto-de-ley-reconciliacion-de-biden\/#breadcrumb"},"inLanguage":"es","potentialAction":[{"@type":"ReadAction","target":["https:\/\/www.livedeep.tv\/web\/es\/2022\/02\/noticias-positivas-residencia-para-inmigrantes-nuevo-proyecto-de-ley-reconciliacion-de-biden\/"]}]},{"@type":"ImageObject","inLanguage":"es","@id":"https:\/\/www.livedeep.tv\/web\/es\/2022\/02\/noticias-positivas-residencia-para-inmigrantes-nuevo-proyecto-de-ley-reconciliacion-de-biden\/#primaryimage","url":"https:\/\/www.livedeep.tv\/web\/wp-content\/uploads\/https:\/\/img.youtube.com\/vi\/muWeUjIo4rs\/maxresdefault.jpg?","contentUrl":"https:\/\/www.livedeep.tv\/web\/wp-content\/uploads\/https:\/\/img.youtube.com\/vi\/muWeUjIo4rs\/maxresdefault.jpg?"},{"@type":"BreadcrumbList","@id":"https:\/\/www.livedeep.tv\/web\/es\/2022\/02\/noticias-positivas-residencia-para-inmigrantes-nuevo-proyecto-de-ley-reconciliacion-de-biden\/#breadcrumb","itemListElement":[{"@type":"ListItem","position":1,"name":"Home","item":"https:\/\/www.livedeep.tv\/web\/es\/"},{"@type":"ListItem","position":2,"name":"Noticias Positivas: Residencia Para Inmigrantes | Nuevo Proyecto de Ley, Reconciliaci\u00f3n de Biden"}]},{"@type":"WebSite","@id":"https:\/\/www.livedeep.tv\/web\/es\/#website","url":"https:\/\/www.livedeep.tv\/web\/es\/","name":"LiveDEEP.TV","description":"Just another WordPress site","publisher":{"@id":"https:\/\/www.livedeep.tv\/web\/es\/#organization"},"potentialAction":[{"@type":"SearchAction","target":{"@type":"EntryPoint","urlTemplate":"https:\/\/www.livedeep.tv\/web\/es\/?s={search_term_string}"},"query-input":{"@type":"PropertyValueSpecification","valueRequired":true,"valueName":"search_term_string"}}],"inLanguage":"es"},{"@type":"Organization","@id":"https:\/\/www.livedeep.tv\/web\/es\/#organization","name":"LiveDEEP.TV","url":"https:\/\/www.livedeep.tv\/web\/es\/","logo":{"@type":"ImageObject","inLanguage":"es","@id":"https:\/\/www.livedeep.tv\/web\/es\/#\/schema\/logo\/image\/","url":"https:\/\/www.livedeep.tv\/web\/wp-content\/uploads\/2019\/10\/lvd-uplogoretina.png","contentUrl":"https:\/\/www.livedeep.tv\/web\/wp-content\/uploads\/2019\/10\/lvd-uplogoretina.png","width":544,"height":173,"caption":"LiveDEEP.TV"},"image":{"@id":"https:\/\/www.livedeep.tv\/web\/es\/#\/schema\/logo\/image\/"}},{"@type":"Person","@id":"https:\/\/www.livedeep.tv\/web\/es\/#\/schema\/person\/0578354f0a78cc36dbf665f7a5f47946","name":"LvDP.TV Synthetintelligence\u2122","image":{"@type":"ImageObject","inLanguage":"es","@id":"https:\/\/www.livedeep.tv\/web\/wp-content\/uploads\/avatars\/1\/5d9525a1f239d-bpfull.jpg3d90d9a792288d4099044e0f9c3bf9c0","url":"https:\/\/www.livedeep.tv\/web\/wp-content\/uploads\/avatars\/1\/5d9525a1f239d-bpfull.jpg","contentUrl":"https:\/\/www.livedeep.tv\/web\/wp-content\/uploads\/avatars\/1\/5d9525a1f239d-bpfull.jpg","caption":"LvDP.TV Synthetintelligence\u2122"},"description":"Any info about our website, please let me know. Thanks.","sameAs":["https:\/\/www.livedeep.tv"],"url":"https:\/\/www.livedeep.tv\/web\/es\/author\/infolivedeep-tv\/"}]}},"amp_enabled":true,"fifu_video_url":"https:\/\/www.youtube.com\/embed\/muWeUjIo4rs","_links":{"self":[{"href":"https:\/\/www.livedeep.tv\/web\/es\/wp-json\/wp\/v2\/posts\/14446","targetHints":{"allow":["GET"]}}],"collection":[{"href":"https:\/\/www.livedeep.tv\/web\/es\/wp-json\/wp\/v2\/posts"}],"about":[{"href":"https:\/\/www.livedeep.tv\/web\/es\/wp-json\/wp\/v2\/types\/post"}],"author":[{"embeddable":true,"href":"https:\/\/www.livedeep.tv\/web\/es\/wp-json\/wp\/v2\/users\/1"}],"replies":[{"embeddable":true,"href":"https:\/\/www.livedeep.tv\/web\/es\/wp-json\/wp\/v2\/comments?post=14446"}],"version-history":[{"count":0,"href":"https:\/\/www.livedeep.tv\/web\/es\/wp-json\/wp\/v2\/posts\/14446\/revisions"}],"wp:featuredmedia":[{"embeddable":true,"href":"https:\/\/www.livedeep.tv\/web\/es\/wp-json\/wp\/v2\/media\/335939"}],"wp:attachment":[{"href":"https:\/\/www.livedeep.tv\/web\/es\/wp-json\/wp\/v2\/media?parent=14446"}],"wp:term":[{"taxonomy":"category","embeddable":true,"href":"https:\/\/www.livedeep.tv\/web\/es\/wp-json\/wp\/v2\/categories?post=14446"},{"taxonomy":"post_tag","embeddable":true,"href":"https:\/\/www.livedeep.tv\/web\/es\/wp-json\/wp\/v2\/tags?post=14446"},{"taxonomy":"author","embeddable":true,"href":"https:\/\/www.livedeep.tv\/web\/es\/wp-json\/wp\/v2\/coauthors?post=14446"}],"curies":[{"name":"wp","href":"https:\/\/api.w.org\/{rel}","templated":true}]}}