{"id":14387,"date":"2022-02-16T21:31:57","date_gmt":"2022-02-17T05:31:57","guid":{"rendered":"https:\/\/www.livedeep.tv\/2022\/02\/que-pasaria-si-llevaras-tecnologia-moderna-a-la-edad-media\/"},"modified":"2022-02-16T21:31:57","modified_gmt":"2022-02-17T05:31:57","slug":"que-pasaria-si-llevaras-tecnologia-moderna-a-la-edad-media","status":"publish","type":"post","link":"https:\/\/www.livedeep.tv\/web\/es\/2022\/02\/que-pasaria-si-llevaras-tecnologia-moderna-a-la-edad-media\/","title":{"rendered":"\u00bfQu\u00e9 pasar\u00eda si llevaras tecnolog\u00eda moderna a la Edad Media?"},"content":{"rendered":"<p><iframe loading=\"lazy\"  width=\"580\" height=\"385\" src=\"https:\/\/www.youtube.com\/embed\/87kWMsra4nc?rel=0&#038;modestbranding=1\" frameborder=\"0\" allowfullscreen><\/iframe><br \/>\n<br \/>\u00bfY si llevaras tecnolog\u00eda moderna a la Edad Media? \u00bfQu\u00e9 pasar\u00eda?<\/p>\n<p>La Edad Media. La \u00e9poca en que ten\u00edas m\u00e1s probabilidades de morir en el inodoro que tomando un ba\u00f1o. <\/p>\n<p>Ahora, te diriges hacia all\u00e1 con una misi\u00f3n educativa. Todo depende de ti. Mostr\u00e9mosle a la Edad Media c\u00f3mo son las cosas. <\/p>\n<p>Pero, \u00bfte enjuiciar\u00edan por brujer\u00eda?<br \/>\n\u00bfPodr\u00edas curar todas las enfermedades?<br \/>\n\u00bfO, por accidente, provocar\u00edas una nueva pandemia?<\/p>\n<p>#QuePasariaSi #EdadMedia #Tecnologia<\/p>\n<p>Producido por: <\/p>\n<p>Sobre What If en Espa\u00f1ol:  Escenarios de especulaci\u00f3n y las posibilidades m\u00e1s remotas que alguna vez te has preguntado, con respuestas cient\u00edficas entretenidas: eso es What If.<\/p>\n<p>Atr\u00e9vete a preguntarte \u201c\u00bfQu\u00e9 pasar\u00eda si\u2026? y descubre un universo de posibilidades.<\/p>\n<p>S\u00edguenos tambi\u00e9n en Facebook: <\/p>\n<p>Y en Instagram:<\/p>\n<p><a href=\"https:\/\/www.youtube.com\/watch?v=87kWMsra4nc\">source<\/a><\/p>\n","protected":false},"excerpt":{"rendered":"<p>\u00bfY si llevaras tecnolog\u00eda moderna a la Edad Media? \u00bfQu\u00e9 pasar\u00eda? La Edad Media. La \u00e9poca en que ten\u00edas m\u00e1s probabilidades de morir en el inodoro que tomando un ba\u00f1o. Ahora, te diriges hacia all\u00e1 con una misi\u00f3n educativa. Todo depende de ti. Mostr\u00e9mosle a la Edad Media c\u00f3mo son las cosas. Pero, \u00bfte enjuiciar\u00edan &hellip;<\/p>\n","protected":false},"author":1,"featured_media":335912,"comment_status":"open","ping_status":"closed","sticky":false,"template":"","format":"standard","meta":{"footnotes":""},"categories":[1],"tags":[],"coauthors":[62],"class_list":["post-14387","post","type-post","status-publish","format-standard","has-post-thumbnail","hentry","category-uncategorized"],"yoast_head":"<!-- This site is optimized with the Yoast SEO Premium plugin v26.6 (Yoast SEO v27.4) - https:\/\/yoast.com\/product\/yoast-seo-premium-wordpress\/ -->\n<title>\u00bfQu\u00e9 pasar\u00eda si llevaras tecnolog\u00eda moderna a la Edad Media? - LiveDEEP.TV<\/title>\n<meta name=\"robots\" content=\"index, follow, max-snippet:-1, max-image-preview:large, max-video-preview:-1\" \/>\n<link rel=\"canonical\" href=\"https:\/\/www.livedeep.tv\/web\/es\/2022\/02\/que-pasaria-si-llevaras-tecnologia-moderna-a-la-edad-media\/\" \/>\n<meta property=\"og:locale\" content=\"es_ES\" \/>\n<meta property=\"og:type\" content=\"article\" \/>\n<meta property=\"og:title\" content=\"\u00bfQu\u00e9 pasar\u00eda si llevaras tecnolog\u00eda moderna a la Edad Media?\" \/>\n<meta property=\"og:description\" content=\"\u00bfY si llevaras tecnolog\u00eda moderna a la Edad Media? \u00bfQu\u00e9 pasar\u00eda? La Edad Media. La \u00e9poca en que ten\u00edas m\u00e1s probabilidades de morir en el inodoro que tomando un ba\u00f1o. Ahora, te diriges hacia all\u00e1 con una misi\u00f3n educativa. Todo depende de ti. Mostr\u00e9mosle a la Edad Media c\u00f3mo son las cosas. Pero, \u00bfte enjuiciar\u00edan &hellip;\" \/>\n<meta property=\"og:url\" content=\"https:\/\/www.livedeep.tv\/web\/es\/2022\/02\/que-pasaria-si-llevaras-tecnologia-moderna-a-la-edad-media\/\" \/>\n<meta property=\"og:site_name\" content=\"LiveDEEP.TV\" \/>\n<meta property=\"article:published_time\" content=\"2022-02-17T05:31:57+00:00\" \/>\n<meta property=\"og:image\" content=\"https:\/\/img.youtube.com\/vi\/87kWMsra4nc\/maxresdefault.jpg?\" \/>\n<meta name=\"author\" content=\"LvDP.TV Synthetintelligence\u2122\" \/>\n<meta name=\"twitter:card\" content=\"summary_large_image\" \/>\n<meta name=\"twitter:image\" content=\"https:\/\/img.youtube.com\/vi\/87kWMsra4nc\/maxresdefault.jpg?\" \/>\n<meta name=\"twitter:label1\" content=\"Escrito por\" \/>\n\t<meta name=\"twitter:data1\" content=\"LvDP.TV Synthetintelligence\u2122\" \/>\n\t<meta name=\"twitter:label2\" content=\"Tiempo de lectura\" \/>\n\t<meta name=\"twitter:data2\" content=\"1 minuto\" \/>\n\t<meta name=\"twitter:label3\" content=\"Written by\" \/>\n\t<meta name=\"twitter:data3\" content=\"LvDP.TV Synthetintelligence\u2122\" \/>\n<script type=\"application\/ld+json\" class=\"yoast-schema-graph\">{\"@context\":\"https:\\\/\\\/schema.org\",\"@graph\":[{\"@type\":\"Article\",\"@id\":\"https:\\\/\\\/www.livedeep.tv\\\/web\\\/es\\\/2022\\\/02\\\/que-pasaria-si-llevaras-tecnologia-moderna-a-la-edad-media\\\/#article\",\"isPartOf\":{\"@id\":\"https:\\\/\\\/www.livedeep.tv\\\/web\\\/es\\\/2022\\\/02\\\/que-pasaria-si-llevaras-tecnologia-moderna-a-la-edad-media\\\/\"},\"author\":{\"name\":\"LvDP.TV Synthetintelligence\u2122\",\"@id\":\"https:\\\/\\\/www.livedeep.tv\\\/web\\\/es\\\/#\\\/schema\\\/person\\\/0578354f0a78cc36dbf665f7a5f47946\"},\"headline\":\"\u00bfQu\u00e9 pasar\u00eda si llevaras tecnolog\u00eda moderna a la Edad Media?\",\"datePublished\":\"2022-02-17T05:31:57+00:00\",\"mainEntityOfPage\":{\"@id\":\"https:\\\/\\\/www.livedeep.tv\\\/web\\\/es\\\/2022\\\/02\\\/que-pasaria-si-llevaras-tecnologia-moderna-a-la-edad-media\\\/\"},\"wordCount\":153,\"commentCount\":0,\"publisher\":{\"@id\":\"https:\\\/\\\/www.livedeep.tv\\\/web\\\/es\\\/#organization\"},\"image\":{\"@id\":\"https:\\\/\\\/www.livedeep.tv\\\/web\\\/es\\\/2022\\\/02\\\/que-pasaria-si-llevaras-tecnologia-moderna-a-la-edad-media\\\/#primaryimage\"},\"thumbnailUrl\":\"https:\\\/\\\/www.livedeep.tv\\\/web\\\/wp-content\\\/uploads\\\/https:\\\/\\\/img.youtube.com\\\/vi\\\/87kWMsra4nc\\\/maxresdefault.jpg?\",\"articleSection\":[\"Uncategorized\"],\"inLanguage\":\"es\",\"potentialAction\":[{\"@type\":\"CommentAction\",\"name\":\"Comment\",\"target\":[\"https:\\\/\\\/www.livedeep.tv\\\/web\\\/es\\\/2022\\\/02\\\/que-pasaria-si-llevaras-tecnologia-moderna-a-la-edad-media\\\/#respond\"]}]},{\"@type\":\"WebPage\",\"@id\":\"https:\\\/\\\/www.livedeep.tv\\\/web\\\/es\\\/2022\\\/02\\\/que-pasaria-si-llevaras-tecnologia-moderna-a-la-edad-media\\\/\",\"url\":\"https:\\\/\\\/www.livedeep.tv\\\/web\\\/es\\\/2022\\\/02\\\/que-pasaria-si-llevaras-tecnologia-moderna-a-la-edad-media\\\/\",\"name\":\"\u00bfQu\u00e9 pasar\u00eda si llevaras tecnolog\u00eda moderna a la Edad Media? - LiveDEEP.TV\",\"isPartOf\":{\"@id\":\"https:\\\/\\\/www.livedeep.tv\\\/web\\\/es\\\/#website\"},\"primaryImageOfPage\":{\"@id\":\"https:\\\/\\\/www.livedeep.tv\\\/web\\\/es\\\/2022\\\/02\\\/que-pasaria-si-llevaras-tecnologia-moderna-a-la-edad-media\\\/#primaryimage\"},\"image\":{\"@id\":\"https:\\\/\\\/www.livedeep.tv\\\/web\\\/es\\\/2022\\\/02\\\/que-pasaria-si-llevaras-tecnologia-moderna-a-la-edad-media\\\/#primaryimage\"},\"thumbnailUrl\":\"https:\\\/\\\/www.livedeep.tv\\\/web\\\/wp-content\\\/uploads\\\/https:\\\/\\\/img.youtube.com\\\/vi\\\/87kWMsra4nc\\\/maxresdefault.jpg?\",\"datePublished\":\"2022-02-17T05:31:57+00:00\",\"breadcrumb\":{\"@id\":\"https:\\\/\\\/www.livedeep.tv\\\/web\\\/es\\\/2022\\\/02\\\/que-pasaria-si-llevaras-tecnologia-moderna-a-la-edad-media\\\/#breadcrumb\"},\"inLanguage\":\"es\",\"potentialAction\":[{\"@type\":\"ReadAction\",\"target\":[\"https:\\\/\\\/www.livedeep.tv\\\/web\\\/es\\\/2022\\\/02\\\/que-pasaria-si-llevaras-tecnologia-moderna-a-la-edad-media\\\/\"]}]},{\"@type\":\"ImageObject\",\"inLanguage\":\"es\",\"@id\":\"https:\\\/\\\/www.livedeep.tv\\\/web\\\/es\\\/2022\\\/02\\\/que-pasaria-si-llevaras-tecnologia-moderna-a-la-edad-media\\\/#primaryimage\",\"url\":\"https:\\\/\\\/www.livedeep.tv\\\/web\\\/wp-content\\\/uploads\\\/https:\\\/\\\/img.youtube.com\\\/vi\\\/87kWMsra4nc\\\/maxresdefault.jpg?\",\"contentUrl\":\"https:\\\/\\\/www.livedeep.tv\\\/web\\\/wp-content\\\/uploads\\\/https:\\\/\\\/img.youtube.com\\\/vi\\\/87kWMsra4nc\\\/maxresdefault.jpg?\"},{\"@type\":\"BreadcrumbList\",\"@id\":\"https:\\\/\\\/www.livedeep.tv\\\/web\\\/es\\\/2022\\\/02\\\/que-pasaria-si-llevaras-tecnologia-moderna-a-la-edad-media\\\/#breadcrumb\",\"itemListElement\":[{\"@type\":\"ListItem\",\"position\":1,\"name\":\"Home\",\"item\":\"https:\\\/\\\/www.livedeep.tv\\\/web\\\/es\\\/\"},{\"@type\":\"ListItem\",\"position\":2,\"name\":\"\u00bfQu\u00e9 pasar\u00eda si llevaras tecnolog\u00eda moderna a la Edad Media?\"}]},{\"@type\":\"WebSite\",\"@id\":\"https:\\\/\\\/www.livedeep.tv\\\/web\\\/es\\\/#website\",\"url\":\"https:\\\/\\\/www.livedeep.tv\\\/web\\\/es\\\/\",\"name\":\"LiveDEEP.TV\",\"description\":\"Just another WordPress site\",\"publisher\":{\"@id\":\"https:\\\/\\\/www.livedeep.tv\\\/web\\\/es\\\/#organization\"},\"potentialAction\":[{\"@type\":\"SearchAction\",\"target\":{\"@type\":\"EntryPoint\",\"urlTemplate\":\"https:\\\/\\\/www.livedeep.tv\\\/web\\\/es\\\/?s={search_term_string}\"},\"query-input\":{\"@type\":\"PropertyValueSpecification\",\"valueRequired\":true,\"valueName\":\"search_term_string\"}}],\"inLanguage\":\"es\"},{\"@type\":\"Organization\",\"@id\":\"https:\\\/\\\/www.livedeep.tv\\\/web\\\/es\\\/#organization\",\"name\":\"LiveDEEP.TV\",\"url\":\"https:\\\/\\\/www.livedeep.tv\\\/web\\\/es\\\/\",\"logo\":{\"@type\":\"ImageObject\",\"inLanguage\":\"es\",\"@id\":\"https:\\\/\\\/www.livedeep.tv\\\/web\\\/es\\\/#\\\/schema\\\/logo\\\/image\\\/\",\"url\":\"https:\\\/\\\/www.livedeep.tv\\\/web\\\/wp-content\\\/uploads\\\/2019\\\/10\\\/lvd-uplogoretina.png\",\"contentUrl\":\"https:\\\/\\\/www.livedeep.tv\\\/web\\\/wp-content\\\/uploads\\\/2019\\\/10\\\/lvd-uplogoretina.png\",\"width\":544,\"height\":173,\"caption\":\"LiveDEEP.TV\"},\"image\":{\"@id\":\"https:\\\/\\\/www.livedeep.tv\\\/web\\\/es\\\/#\\\/schema\\\/logo\\\/image\\\/\"}},{\"@type\":\"Person\",\"@id\":\"https:\\\/\\\/www.livedeep.tv\\\/web\\\/es\\\/#\\\/schema\\\/person\\\/0578354f0a78cc36dbf665f7a5f47946\",\"name\":\"LvDP.TV Synthetintelligence\u2122\",\"image\":{\"@type\":\"ImageObject\",\"inLanguage\":\"es\",\"@id\":\"https:\\\/\\\/www.livedeep.tv\\\/web\\\/wp-content\\\/uploads\\\/avatars\\\/1\\\/5d9525a1f239d-bpfull.jpg3d90d9a792288d4099044e0f9c3bf9c0\",\"url\":\"https:\\\/\\\/www.livedeep.tv\\\/web\\\/wp-content\\\/uploads\\\/avatars\\\/1\\\/5d9525a1f239d-bpfull.jpg\",\"contentUrl\":\"https:\\\/\\\/www.livedeep.tv\\\/web\\\/wp-content\\\/uploads\\\/avatars\\\/1\\\/5d9525a1f239d-bpfull.jpg\",\"caption\":\"LvDP.TV Synthetintelligence\u2122\"},\"description\":\"Any info about our website, please let me know. Thanks.\",\"sameAs\":[\"https:\\\/\\\/www.livedeep.tv\"],\"url\":\"https:\\\/\\\/www.livedeep.tv\\\/web\\\/es\\\/author\\\/infolivedeep-tv\\\/\"}]}<\/script>\n<!-- \/ Yoast SEO Premium plugin. -->","yoast_head_json":{"title":"\u00bfQu\u00e9 pasar\u00eda si llevaras tecnolog\u00eda moderna a la Edad Media? - LiveDEEP.TV","robots":{"index":"index","follow":"follow","max-snippet":"max-snippet:-1","max-image-preview":"max-image-preview:large","max-video-preview":"max-video-preview:-1"},"canonical":"https:\/\/www.livedeep.tv\/web\/es\/2022\/02\/que-pasaria-si-llevaras-tecnologia-moderna-a-la-edad-media\/","og_locale":"es_ES","og_type":"article","og_title":"\u00bfQu\u00e9 pasar\u00eda si llevaras tecnolog\u00eda moderna a la Edad Media?","og_description":"\u00bfY si llevaras tecnolog\u00eda moderna a la Edad Media? \u00bfQu\u00e9 pasar\u00eda? La Edad Media. La \u00e9poca en que ten\u00edas m\u00e1s probabilidades de morir en el inodoro que tomando un ba\u00f1o. Ahora, te diriges hacia all\u00e1 con una misi\u00f3n educativa. Todo depende de ti. Mostr\u00e9mosle a la Edad Media c\u00f3mo son las cosas. Pero, \u00bfte enjuiciar\u00edan &hellip;","og_url":"https:\/\/www.livedeep.tv\/web\/es\/2022\/02\/que-pasaria-si-llevaras-tecnologia-moderna-a-la-edad-media\/","og_site_name":"LiveDEEP.TV","article_published_time":"2022-02-17T05:31:57+00:00","og_image":[{"url":"https:\/\/img.youtube.com\/vi\/87kWMsra4nc\/maxresdefault.jpg?","type":"","width":"","height":""}],"author":"LvDP.TV Synthetintelligence\u2122","twitter_card":"summary_large_image","twitter_image":"https:\/\/img.youtube.com\/vi\/87kWMsra4nc\/maxresdefault.jpg?","twitter_misc":{"Escrito por":"LvDP.TV Synthetintelligence\u2122","Tiempo de lectura":"1 minuto","Written by":"LvDP.TV Synthetintelligence\u2122"},"schema":{"@context":"https:\/\/schema.org","@graph":[{"@type":"Article","@id":"https:\/\/www.livedeep.tv\/web\/es\/2022\/02\/que-pasaria-si-llevaras-tecnologia-moderna-a-la-edad-media\/#article","isPartOf":{"@id":"https:\/\/www.livedeep.tv\/web\/es\/2022\/02\/que-pasaria-si-llevaras-tecnologia-moderna-a-la-edad-media\/"},"author":{"name":"LvDP.TV Synthetintelligence\u2122","@id":"https:\/\/www.livedeep.tv\/web\/es\/#\/schema\/person\/0578354f0a78cc36dbf665f7a5f47946"},"headline":"\u00bfQu\u00e9 pasar\u00eda si llevaras tecnolog\u00eda moderna a la Edad Media?","datePublished":"2022-02-17T05:31:57+00:00","mainEntityOfPage":{"@id":"https:\/\/www.livedeep.tv\/web\/es\/2022\/02\/que-pasaria-si-llevaras-tecnologia-moderna-a-la-edad-media\/"},"wordCount":153,"commentCount":0,"publisher":{"@id":"https:\/\/www.livedeep.tv\/web\/es\/#organization"},"image":{"@id":"https:\/\/www.livedeep.tv\/web\/es\/2022\/02\/que-pasaria-si-llevaras-tecnologia-moderna-a-la-edad-media\/#primaryimage"},"thumbnailUrl":"https:\/\/www.livedeep.tv\/web\/wp-content\/uploads\/https:\/\/img.youtube.com\/vi\/87kWMsra4nc\/maxresdefault.jpg?","articleSection":["Uncategorized"],"inLanguage":"es","potentialAction":[{"@type":"CommentAction","name":"Comment","target":["https:\/\/www.livedeep.tv\/web\/es\/2022\/02\/que-pasaria-si-llevaras-tecnologia-moderna-a-la-edad-media\/#respond"]}]},{"@type":"WebPage","@id":"https:\/\/www.livedeep.tv\/web\/es\/2022\/02\/que-pasaria-si-llevaras-tecnologia-moderna-a-la-edad-media\/","url":"https:\/\/www.livedeep.tv\/web\/es\/2022\/02\/que-pasaria-si-llevaras-tecnologia-moderna-a-la-edad-media\/","name":"\u00bfQu\u00e9 pasar\u00eda si llevaras tecnolog\u00eda moderna a la Edad Media? - LiveDEEP.TV","isPartOf":{"@id":"https:\/\/www.livedeep.tv\/web\/es\/#website"},"primaryImageOfPage":{"@id":"https:\/\/www.livedeep.tv\/web\/es\/2022\/02\/que-pasaria-si-llevaras-tecnologia-moderna-a-la-edad-media\/#primaryimage"},"image":{"@id":"https:\/\/www.livedeep.tv\/web\/es\/2022\/02\/que-pasaria-si-llevaras-tecnologia-moderna-a-la-edad-media\/#primaryimage"},"thumbnailUrl":"https:\/\/www.livedeep.tv\/web\/wp-content\/uploads\/https:\/\/img.youtube.com\/vi\/87kWMsra4nc\/maxresdefault.jpg?","datePublished":"2022-02-17T05:31:57+00:00","breadcrumb":{"@id":"https:\/\/www.livedeep.tv\/web\/es\/2022\/02\/que-pasaria-si-llevaras-tecnologia-moderna-a-la-edad-media\/#breadcrumb"},"inLanguage":"es","potentialAction":[{"@type":"ReadAction","target":["https:\/\/www.livedeep.tv\/web\/es\/2022\/02\/que-pasaria-si-llevaras-tecnologia-moderna-a-la-edad-media\/"]}]},{"@type":"ImageObject","inLanguage":"es","@id":"https:\/\/www.livedeep.tv\/web\/es\/2022\/02\/que-pasaria-si-llevaras-tecnologia-moderna-a-la-edad-media\/#primaryimage","url":"https:\/\/www.livedeep.tv\/web\/wp-content\/uploads\/https:\/\/img.youtube.com\/vi\/87kWMsra4nc\/maxresdefault.jpg?","contentUrl":"https:\/\/www.livedeep.tv\/web\/wp-content\/uploads\/https:\/\/img.youtube.com\/vi\/87kWMsra4nc\/maxresdefault.jpg?"},{"@type":"BreadcrumbList","@id":"https:\/\/www.livedeep.tv\/web\/es\/2022\/02\/que-pasaria-si-llevaras-tecnologia-moderna-a-la-edad-media\/#breadcrumb","itemListElement":[{"@type":"ListItem","position":1,"name":"Home","item":"https:\/\/www.livedeep.tv\/web\/es\/"},{"@type":"ListItem","position":2,"name":"\u00bfQu\u00e9 pasar\u00eda si llevaras tecnolog\u00eda moderna a la Edad Media?"}]},{"@type":"WebSite","@id":"https:\/\/www.livedeep.tv\/web\/es\/#website","url":"https:\/\/www.livedeep.tv\/web\/es\/","name":"LiveDEEP.TV","description":"Just another WordPress site","publisher":{"@id":"https:\/\/www.livedeep.tv\/web\/es\/#organization"},"potentialAction":[{"@type":"SearchAction","target":{"@type":"EntryPoint","urlTemplate":"https:\/\/www.livedeep.tv\/web\/es\/?s={search_term_string}"},"query-input":{"@type":"PropertyValueSpecification","valueRequired":true,"valueName":"search_term_string"}}],"inLanguage":"es"},{"@type":"Organization","@id":"https:\/\/www.livedeep.tv\/web\/es\/#organization","name":"LiveDEEP.TV","url":"https:\/\/www.livedeep.tv\/web\/es\/","logo":{"@type":"ImageObject","inLanguage":"es","@id":"https:\/\/www.livedeep.tv\/web\/es\/#\/schema\/logo\/image\/","url":"https:\/\/www.livedeep.tv\/web\/wp-content\/uploads\/2019\/10\/lvd-uplogoretina.png","contentUrl":"https:\/\/www.livedeep.tv\/web\/wp-content\/uploads\/2019\/10\/lvd-uplogoretina.png","width":544,"height":173,"caption":"LiveDEEP.TV"},"image":{"@id":"https:\/\/www.livedeep.tv\/web\/es\/#\/schema\/logo\/image\/"}},{"@type":"Person","@id":"https:\/\/www.livedeep.tv\/web\/es\/#\/schema\/person\/0578354f0a78cc36dbf665f7a5f47946","name":"LvDP.TV Synthetintelligence\u2122","image":{"@type":"ImageObject","inLanguage":"es","@id":"https:\/\/www.livedeep.tv\/web\/wp-content\/uploads\/avatars\/1\/5d9525a1f239d-bpfull.jpg3d90d9a792288d4099044e0f9c3bf9c0","url":"https:\/\/www.livedeep.tv\/web\/wp-content\/uploads\/avatars\/1\/5d9525a1f239d-bpfull.jpg","contentUrl":"https:\/\/www.livedeep.tv\/web\/wp-content\/uploads\/avatars\/1\/5d9525a1f239d-bpfull.jpg","caption":"LvDP.TV Synthetintelligence\u2122"},"description":"Any info about our website, please let me know. Thanks.","sameAs":["https:\/\/www.livedeep.tv"],"url":"https:\/\/www.livedeep.tv\/web\/es\/author\/infolivedeep-tv\/"}]}},"amp_enabled":true,"fifu_video_url":"https:\/\/www.youtube.com\/embed\/87kWMsra4nc","_links":{"self":[{"href":"https:\/\/www.livedeep.tv\/web\/es\/wp-json\/wp\/v2\/posts\/14387","targetHints":{"allow":["GET"]}}],"collection":[{"href":"https:\/\/www.livedeep.tv\/web\/es\/wp-json\/wp\/v2\/posts"}],"about":[{"href":"https:\/\/www.livedeep.tv\/web\/es\/wp-json\/wp\/v2\/types\/post"}],"author":[{"embeddable":true,"href":"https:\/\/www.livedeep.tv\/web\/es\/wp-json\/wp\/v2\/users\/1"}],"replies":[{"embeddable":true,"href":"https:\/\/www.livedeep.tv\/web\/es\/wp-json\/wp\/v2\/comments?post=14387"}],"version-history":[{"count":0,"href":"https:\/\/www.livedeep.tv\/web\/es\/wp-json\/wp\/v2\/posts\/14387\/revisions"}],"wp:featuredmedia":[{"embeddable":true,"href":"https:\/\/www.livedeep.tv\/web\/es\/wp-json\/wp\/v2\/media\/335912"}],"wp:attachment":[{"href":"https:\/\/www.livedeep.tv\/web\/es\/wp-json\/wp\/v2\/media?parent=14387"}],"wp:term":[{"taxonomy":"category","embeddable":true,"href":"https:\/\/www.livedeep.tv\/web\/es\/wp-json\/wp\/v2\/categories?post=14387"},{"taxonomy":"post_tag","embeddable":true,"href":"https:\/\/www.livedeep.tv\/web\/es\/wp-json\/wp\/v2\/tags?post=14387"},{"taxonomy":"author","embeddable":true,"href":"https:\/\/www.livedeep.tv\/web\/es\/wp-json\/wp\/v2\/coauthors?post=14387"}],"curies":[{"name":"wp","href":"https:\/\/api.w.org\/{rel}","templated":true}]}}