{"id":12482,"date":"2021-08-23T13:31:43","date_gmt":"2021-08-23T20:31:43","guid":{"rendered":"https:\/\/www.livedeep.tv\/2021\/08\/liderazgo-basado-en-fortalezas-podcast-13-practica-la-psicologia-positiva\/"},"modified":"2021-08-23T13:31:43","modified_gmt":"2021-08-23T20:31:43","slug":"liderazgo-basado-en-fortalezas-podcast-13-practica-la-psicologia-positiva","status":"publish","type":"post","link":"https:\/\/www.livedeep.tv\/web\/es\/2021\/08\/liderazgo-basado-en-fortalezas-podcast-13-practica-la-psicologia-positiva\/","title":{"rendered":"Liderazgo basado en fortalezas: Podcast #13 &#8211; Practica la Psicolog\u00eda Positiva"},"content":{"rendered":"<p><iframe loading=\"lazy\"  width=\"580\" height=\"385\" src=\"https:\/\/www.youtube.com\/embed\/34CDbbLrx_w?rel=0&#038;modestbranding=1\" frameborder=\"0\" allowfullscreen><\/iframe><br \/>\n<br \/>\u00bfQu\u00e9 fortalezas se relacionan con el liderazgo? \u00bfQu\u00e9 caracter\u00edsticas definen a un buen l\u00edder desde la Psicolog\u00eda Positiva?\u00bfC\u00f3mo puedo poner esto en marcha si la Psicolog\u00eda Positiva no es conocida en mi empresa?<\/p>\n<p>\u00bfQuieres conocer tus fortalezas? Desc\u00fabrelo aqu\u00ed <\/p>\n<p>Bienvenido al podcast 13 de Practica la Psicolog\u00eda Positiva! En este podcast damos respuesta a estas y muchas otras preguntas donde profundizar y curiosear sobre temas relacionados con la Psicolog\u00eda Positiva y, sobre todo, donde te mostraremos c\u00f3mo aterrizar la psicolog\u00eda a la acci\u00f3n para construir nuevos h\u00e1bitos. Esta semana hablamos de liderazgo, descubrir\u00e1s qu\u00e9 caracter\u00edsticas son las que puedes promover y c\u00f3mo puedes implantarlo en tus equipos o en ti mism@ para ejercer un liderazgo que promueva el bienestar laboral<\/p>\n<p>\u00bfQuieres estar al d\u00eda de este programa? S\u00edguenos en Spotify y ent\u00e9rate de todas nuestras novedades:<br \/>\n<br \/><a href=\"https:\/\/www.youtube.com\/watch?v=34CDbbLrx_w\">source<\/a><\/p>\n","protected":false},"excerpt":{"rendered":"<p>\u00bfQu\u00e9 fortalezas se relacionan con el liderazgo? \u00bfQu\u00e9 caracter\u00edsticas definen a un buen l\u00edder desde la Psicolog\u00eda Positiva?\u00bfC\u00f3mo puedo poner esto en marcha si la Psicolog\u00eda Positiva no es conocida en mi empresa? \u00bfQuieres conocer tus fortalezas? Desc\u00fabrelo aqu\u00ed Bienvenido al podcast 13 de Practica la Psicolog\u00eda Positiva! En este podcast damos respuesta a estas &hellip;<\/p>\n","protected":false},"author":1,"featured_media":335096,"comment_status":"open","ping_status":"closed","sticky":false,"template":"","format":"standard","meta":{"footnotes":""},"categories":[121],"tags":[],"coauthors":[62],"class_list":["post-12482","post","type-post","status-publish","format-standard","has-post-thumbnail","hentry","category-negocios"],"yoast_head":"<!-- This site is optimized with the Yoast SEO Premium plugin v26.6 (Yoast SEO v27.5) - https:\/\/yoast.com\/product\/yoast-seo-premium-wordpress\/ -->\n<title>Liderazgo basado en fortalezas: Podcast #13 - Practica la Psicolog\u00eda Positiva - LiveDEEP.TV<\/title>\n<meta name=\"robots\" content=\"index, follow, max-snippet:-1, max-image-preview:large, max-video-preview:-1\" \/>\n<link rel=\"canonical\" href=\"https:\/\/www.livedeep.tv\/web\/es\/2021\/08\/liderazgo-basado-en-fortalezas-podcast-13-practica-la-psicologia-positiva\/\" \/>\n<meta property=\"og:locale\" content=\"es_ES\" \/>\n<meta property=\"og:type\" content=\"article\" \/>\n<meta property=\"og:title\" content=\"Liderazgo basado en fortalezas: Podcast #13 - Practica la Psicolog\u00eda Positiva\" \/>\n<meta property=\"og:description\" content=\"\u00bfQu\u00e9 fortalezas se relacionan con el liderazgo? \u00bfQu\u00e9 caracter\u00edsticas definen a un buen l\u00edder desde la Psicolog\u00eda Positiva?\u00bfC\u00f3mo puedo poner esto en marcha si la Psicolog\u00eda Positiva no es conocida en mi empresa? \u00bfQuieres conocer tus fortalezas? Desc\u00fabrelo aqu\u00ed Bienvenido al podcast 13 de Practica la Psicolog\u00eda Positiva! En este podcast damos respuesta a estas &hellip;\" \/>\n<meta property=\"og:url\" content=\"https:\/\/www.livedeep.tv\/web\/es\/2021\/08\/liderazgo-basado-en-fortalezas-podcast-13-practica-la-psicologia-positiva\/\" \/>\n<meta property=\"og:site_name\" content=\"LiveDEEP.TV\" \/>\n<meta property=\"article:published_time\" content=\"2021-08-23T20:31:43+00:00\" \/>\n<meta property=\"og:image\" content=\"https:\/\/img.youtube.com\/vi\/34CDbbLrx_w\/maxresdefault.jpg?\" \/><meta property=\"og:image\" content=\"https:\/\/img.youtube.com\/vi\/34CDbbLrx_w\/maxresdefault.jpg?\" \/>\n\t<meta property=\"og:image:width\" content=\"1280\" \/>\n\t<meta property=\"og:image:height\" content=\"720\" \/>\n\t<meta property=\"og:image:type\" content=\"image\/jpeg\" \/>\n<meta name=\"author\" content=\"LvDP.TV Synthetintelligence\u2122\" \/>\n<meta name=\"twitter:card\" content=\"summary_large_image\" \/>\n<meta name=\"twitter:image\" content=\"https:\/\/img.youtube.com\/vi\/34CDbbLrx_w\/maxresdefault.jpg?\" \/>\n<meta name=\"twitter:label1\" content=\"Escrito por\" \/>\n\t<meta name=\"twitter:data1\" content=\"LvDP.TV Synthetintelligence\u2122\" \/>\n\t<meta name=\"twitter:label2\" content=\"Tiempo de lectura\" \/>\n\t<meta name=\"twitter:data2\" content=\"1 minuto\" \/>\n\t<meta name=\"twitter:label3\" content=\"Written by\" \/>\n\t<meta name=\"twitter:data3\" content=\"LvDP.TV Synthetintelligence\u2122\" \/>\n<script type=\"application\/ld+json\" class=\"yoast-schema-graph\">{\"@context\":\"https:\\\/\\\/schema.org\",\"@graph\":[{\"@type\":\"Article\",\"@id\":\"https:\\\/\\\/www.livedeep.tv\\\/web\\\/es\\\/2021\\\/08\\\/liderazgo-basado-en-fortalezas-podcast-13-practica-la-psicologia-positiva\\\/#article\",\"isPartOf\":{\"@id\":\"https:\\\/\\\/www.livedeep.tv\\\/web\\\/es\\\/2021\\\/08\\\/liderazgo-basado-en-fortalezas-podcast-13-practica-la-psicologia-positiva\\\/\"},\"author\":{\"name\":\"LvDP.TV Synthetintelligence\u2122\",\"@id\":\"https:\\\/\\\/www.livedeep.tv\\\/web\\\/es\\\/#\\\/schema\\\/person\\\/0578354f0a78cc36dbf665f7a5f47946\"},\"headline\":\"Liderazgo basado en fortalezas: Podcast #13 &#8211; Practica la Psicolog\u00eda Positiva\",\"datePublished\":\"2021-08-23T20:31:43+00:00\",\"mainEntityOfPage\":{\"@id\":\"https:\\\/\\\/www.livedeep.tv\\\/web\\\/es\\\/2021\\\/08\\\/liderazgo-basado-en-fortalezas-podcast-13-practica-la-psicologia-positiva\\\/\"},\"wordCount\":166,\"commentCount\":0,\"publisher\":{\"@id\":\"https:\\\/\\\/www.livedeep.tv\\\/web\\\/es\\\/#organization\"},\"image\":{\"@id\":\"https:\\\/\\\/www.livedeep.tv\\\/web\\\/es\\\/2021\\\/08\\\/liderazgo-basado-en-fortalezas-podcast-13-practica-la-psicologia-positiva\\\/#primaryimage\"},\"thumbnailUrl\":\"https:\\\/\\\/www.livedeep.tv\\\/web\\\/wp-content\\\/uploads\\\/https:\\\/\\\/img.youtube.com\\\/vi\\\/34CDbbLrx_w\\\/maxresdefault.jpg?\",\"articleSection\":[\"Negocios\"],\"inLanguage\":\"es\",\"potentialAction\":[{\"@type\":\"CommentAction\",\"name\":\"Comment\",\"target\":[\"https:\\\/\\\/www.livedeep.tv\\\/web\\\/es\\\/2021\\\/08\\\/liderazgo-basado-en-fortalezas-podcast-13-practica-la-psicologia-positiva\\\/#respond\"]}]},{\"@type\":\"WebPage\",\"@id\":\"https:\\\/\\\/www.livedeep.tv\\\/web\\\/es\\\/2021\\\/08\\\/liderazgo-basado-en-fortalezas-podcast-13-practica-la-psicologia-positiva\\\/\",\"url\":\"https:\\\/\\\/www.livedeep.tv\\\/web\\\/es\\\/2021\\\/08\\\/liderazgo-basado-en-fortalezas-podcast-13-practica-la-psicologia-positiva\\\/\",\"name\":\"Liderazgo basado en fortalezas: Podcast #13 - Practica la Psicolog\u00eda Positiva - LiveDEEP.TV\",\"isPartOf\":{\"@id\":\"https:\\\/\\\/www.livedeep.tv\\\/web\\\/es\\\/#website\"},\"primaryImageOfPage\":{\"@id\":\"https:\\\/\\\/www.livedeep.tv\\\/web\\\/es\\\/2021\\\/08\\\/liderazgo-basado-en-fortalezas-podcast-13-practica-la-psicologia-positiva\\\/#primaryimage\"},\"image\":{\"@id\":\"https:\\\/\\\/www.livedeep.tv\\\/web\\\/es\\\/2021\\\/08\\\/liderazgo-basado-en-fortalezas-podcast-13-practica-la-psicologia-positiva\\\/#primaryimage\"},\"thumbnailUrl\":\"https:\\\/\\\/www.livedeep.tv\\\/web\\\/wp-content\\\/uploads\\\/https:\\\/\\\/img.youtube.com\\\/vi\\\/34CDbbLrx_w\\\/maxresdefault.jpg?\",\"datePublished\":\"2021-08-23T20:31:43+00:00\",\"breadcrumb\":{\"@id\":\"https:\\\/\\\/www.livedeep.tv\\\/web\\\/es\\\/2021\\\/08\\\/liderazgo-basado-en-fortalezas-podcast-13-practica-la-psicologia-positiva\\\/#breadcrumb\"},\"inLanguage\":\"es\",\"potentialAction\":[{\"@type\":\"ReadAction\",\"target\":[\"https:\\\/\\\/www.livedeep.tv\\\/web\\\/es\\\/2021\\\/08\\\/liderazgo-basado-en-fortalezas-podcast-13-practica-la-psicologia-positiva\\\/\"]}]},{\"@type\":\"ImageObject\",\"inLanguage\":\"es\",\"@id\":\"https:\\\/\\\/www.livedeep.tv\\\/web\\\/es\\\/2021\\\/08\\\/liderazgo-basado-en-fortalezas-podcast-13-practica-la-psicologia-positiva\\\/#primaryimage\",\"url\":\"https:\\\/\\\/www.livedeep.tv\\\/web\\\/wp-content\\\/uploads\\\/https:\\\/\\\/img.youtube.com\\\/vi\\\/34CDbbLrx_w\\\/maxresdefault.jpg?\",\"contentUrl\":\"https:\\\/\\\/www.livedeep.tv\\\/web\\\/wp-content\\\/uploads\\\/https:\\\/\\\/img.youtube.com\\\/vi\\\/34CDbbLrx_w\\\/maxresdefault.jpg?\"},{\"@type\":\"BreadcrumbList\",\"@id\":\"https:\\\/\\\/www.livedeep.tv\\\/web\\\/es\\\/2021\\\/08\\\/liderazgo-basado-en-fortalezas-podcast-13-practica-la-psicologia-positiva\\\/#breadcrumb\",\"itemListElement\":[{\"@type\":\"ListItem\",\"position\":1,\"name\":\"Home\",\"item\":\"https:\\\/\\\/www.livedeep.tv\\\/web\\\/es\\\/\"},{\"@type\":\"ListItem\",\"position\":2,\"name\":\"Liderazgo basado en fortalezas: Podcast #13 &#8211; Practica la Psicolog\u00eda Positiva\"}]},{\"@type\":\"WebSite\",\"@id\":\"https:\\\/\\\/www.livedeep.tv\\\/web\\\/es\\\/#website\",\"url\":\"https:\\\/\\\/www.livedeep.tv\\\/web\\\/es\\\/\",\"name\":\"LiveDEEP.TV\",\"description\":\"Just another WordPress site\",\"publisher\":{\"@id\":\"https:\\\/\\\/www.livedeep.tv\\\/web\\\/es\\\/#organization\"},\"potentialAction\":[{\"@type\":\"SearchAction\",\"target\":{\"@type\":\"EntryPoint\",\"urlTemplate\":\"https:\\\/\\\/www.livedeep.tv\\\/web\\\/es\\\/?s={search_term_string}\"},\"query-input\":{\"@type\":\"PropertyValueSpecification\",\"valueRequired\":true,\"valueName\":\"search_term_string\"}}],\"inLanguage\":\"es\"},{\"@type\":\"Organization\",\"@id\":\"https:\\\/\\\/www.livedeep.tv\\\/web\\\/es\\\/#organization\",\"name\":\"LiveDEEP.TV\",\"url\":\"https:\\\/\\\/www.livedeep.tv\\\/web\\\/es\\\/\",\"logo\":{\"@type\":\"ImageObject\",\"inLanguage\":\"es\",\"@id\":\"https:\\\/\\\/www.livedeep.tv\\\/web\\\/es\\\/#\\\/schema\\\/logo\\\/image\\\/\",\"url\":\"https:\\\/\\\/www.livedeep.tv\\\/web\\\/wp-content\\\/uploads\\\/2019\\\/10\\\/lvd-uplogoretina.png\",\"contentUrl\":\"https:\\\/\\\/www.livedeep.tv\\\/web\\\/wp-content\\\/uploads\\\/2019\\\/10\\\/lvd-uplogoretina.png\",\"width\":544,\"height\":173,\"caption\":\"LiveDEEP.TV\"},\"image\":{\"@id\":\"https:\\\/\\\/www.livedeep.tv\\\/web\\\/es\\\/#\\\/schema\\\/logo\\\/image\\\/\"}},{\"@type\":\"Person\",\"@id\":\"https:\\\/\\\/www.livedeep.tv\\\/web\\\/es\\\/#\\\/schema\\\/person\\\/0578354f0a78cc36dbf665f7a5f47946\",\"name\":\"LvDP.TV Synthetintelligence\u2122\",\"image\":{\"@type\":\"ImageObject\",\"inLanguage\":\"es\",\"@id\":\"https:\\\/\\\/www.livedeep.tv\\\/web\\\/wp-content\\\/uploads\\\/avatars\\\/1\\\/5d9525a1f239d-bpfull.jpg3d90d9a792288d4099044e0f9c3bf9c0\",\"url\":\"https:\\\/\\\/www.livedeep.tv\\\/web\\\/wp-content\\\/uploads\\\/avatars\\\/1\\\/5d9525a1f239d-bpfull.jpg\",\"contentUrl\":\"https:\\\/\\\/www.livedeep.tv\\\/web\\\/wp-content\\\/uploads\\\/avatars\\\/1\\\/5d9525a1f239d-bpfull.jpg\",\"caption\":\"LvDP.TV Synthetintelligence\u2122\"},\"description\":\"Any info about our website, please let me know. Thanks.\",\"sameAs\":[\"https:\\\/\\\/www.livedeep.tv\"],\"url\":\"https:\\\/\\\/www.livedeep.tv\\\/web\\\/es\\\/author\\\/infolivedeep-tv\\\/\"}]}<\/script>\n<!-- \/ Yoast SEO Premium plugin. -->","yoast_head_json":{"title":"Liderazgo basado en fortalezas: Podcast #13 - Practica la Psicolog\u00eda Positiva - LiveDEEP.TV","robots":{"index":"index","follow":"follow","max-snippet":"max-snippet:-1","max-image-preview":"max-image-preview:large","max-video-preview":"max-video-preview:-1"},"canonical":"https:\/\/www.livedeep.tv\/web\/es\/2021\/08\/liderazgo-basado-en-fortalezas-podcast-13-practica-la-psicologia-positiva\/","og_locale":"es_ES","og_type":"article","og_title":"Liderazgo basado en fortalezas: Podcast #13 - Practica la Psicolog\u00eda Positiva","og_description":"\u00bfQu\u00e9 fortalezas se relacionan con el liderazgo? \u00bfQu\u00e9 caracter\u00edsticas definen a un buen l\u00edder desde la Psicolog\u00eda Positiva?\u00bfC\u00f3mo puedo poner esto en marcha si la Psicolog\u00eda Positiva no es conocida en mi empresa? \u00bfQuieres conocer tus fortalezas? Desc\u00fabrelo aqu\u00ed Bienvenido al podcast 13 de Practica la Psicolog\u00eda Positiva! En este podcast damos respuesta a estas &hellip;","og_url":"https:\/\/www.livedeep.tv\/web\/es\/2021\/08\/liderazgo-basado-en-fortalezas-podcast-13-practica-la-psicologia-positiva\/","og_site_name":"LiveDEEP.TV","article_published_time":"2021-08-23T20:31:43+00:00","og_image":[{"url":"https:\/\/img.youtube.com\/vi\/34CDbbLrx_w\/maxresdefault.jpg?","type":"","width":"","height":""},{"width":1280,"height":720,"url":"https:\/\/img.youtube.com\/vi\/34CDbbLrx_w\/maxresdefault.jpg?","type":"image\/jpeg"}],"author":"LvDP.TV Synthetintelligence\u2122","twitter_card":"summary_large_image","twitter_image":"https:\/\/img.youtube.com\/vi\/34CDbbLrx_w\/maxresdefault.jpg?","twitter_misc":{"Escrito por":"LvDP.TV Synthetintelligence\u2122","Tiempo de lectura":"1 minuto","Written by":"LvDP.TV Synthetintelligence\u2122"},"schema":{"@context":"https:\/\/schema.org","@graph":[{"@type":"Article","@id":"https:\/\/www.livedeep.tv\/web\/es\/2021\/08\/liderazgo-basado-en-fortalezas-podcast-13-practica-la-psicologia-positiva\/#article","isPartOf":{"@id":"https:\/\/www.livedeep.tv\/web\/es\/2021\/08\/liderazgo-basado-en-fortalezas-podcast-13-practica-la-psicologia-positiva\/"},"author":{"name":"LvDP.TV Synthetintelligence\u2122","@id":"https:\/\/www.livedeep.tv\/web\/es\/#\/schema\/person\/0578354f0a78cc36dbf665f7a5f47946"},"headline":"Liderazgo basado en fortalezas: Podcast #13 &#8211; Practica la Psicolog\u00eda Positiva","datePublished":"2021-08-23T20:31:43+00:00","mainEntityOfPage":{"@id":"https:\/\/www.livedeep.tv\/web\/es\/2021\/08\/liderazgo-basado-en-fortalezas-podcast-13-practica-la-psicologia-positiva\/"},"wordCount":166,"commentCount":0,"publisher":{"@id":"https:\/\/www.livedeep.tv\/web\/es\/#organization"},"image":{"@id":"https:\/\/www.livedeep.tv\/web\/es\/2021\/08\/liderazgo-basado-en-fortalezas-podcast-13-practica-la-psicologia-positiva\/#primaryimage"},"thumbnailUrl":"https:\/\/www.livedeep.tv\/web\/wp-content\/uploads\/https:\/\/img.youtube.com\/vi\/34CDbbLrx_w\/maxresdefault.jpg?","articleSection":["Negocios"],"inLanguage":"es","potentialAction":[{"@type":"CommentAction","name":"Comment","target":["https:\/\/www.livedeep.tv\/web\/es\/2021\/08\/liderazgo-basado-en-fortalezas-podcast-13-practica-la-psicologia-positiva\/#respond"]}]},{"@type":"WebPage","@id":"https:\/\/www.livedeep.tv\/web\/es\/2021\/08\/liderazgo-basado-en-fortalezas-podcast-13-practica-la-psicologia-positiva\/","url":"https:\/\/www.livedeep.tv\/web\/es\/2021\/08\/liderazgo-basado-en-fortalezas-podcast-13-practica-la-psicologia-positiva\/","name":"Liderazgo basado en fortalezas: Podcast #13 - Practica la Psicolog\u00eda Positiva - LiveDEEP.TV","isPartOf":{"@id":"https:\/\/www.livedeep.tv\/web\/es\/#website"},"primaryImageOfPage":{"@id":"https:\/\/www.livedeep.tv\/web\/es\/2021\/08\/liderazgo-basado-en-fortalezas-podcast-13-practica-la-psicologia-positiva\/#primaryimage"},"image":{"@id":"https:\/\/www.livedeep.tv\/web\/es\/2021\/08\/liderazgo-basado-en-fortalezas-podcast-13-practica-la-psicologia-positiva\/#primaryimage"},"thumbnailUrl":"https:\/\/www.livedeep.tv\/web\/wp-content\/uploads\/https:\/\/img.youtube.com\/vi\/34CDbbLrx_w\/maxresdefault.jpg?","datePublished":"2021-08-23T20:31:43+00:00","breadcrumb":{"@id":"https:\/\/www.livedeep.tv\/web\/es\/2021\/08\/liderazgo-basado-en-fortalezas-podcast-13-practica-la-psicologia-positiva\/#breadcrumb"},"inLanguage":"es","potentialAction":[{"@type":"ReadAction","target":["https:\/\/www.livedeep.tv\/web\/es\/2021\/08\/liderazgo-basado-en-fortalezas-podcast-13-practica-la-psicologia-positiva\/"]}]},{"@type":"ImageObject","inLanguage":"es","@id":"https:\/\/www.livedeep.tv\/web\/es\/2021\/08\/liderazgo-basado-en-fortalezas-podcast-13-practica-la-psicologia-positiva\/#primaryimage","url":"https:\/\/www.livedeep.tv\/web\/wp-content\/uploads\/https:\/\/img.youtube.com\/vi\/34CDbbLrx_w\/maxresdefault.jpg?","contentUrl":"https:\/\/www.livedeep.tv\/web\/wp-content\/uploads\/https:\/\/img.youtube.com\/vi\/34CDbbLrx_w\/maxresdefault.jpg?"},{"@type":"BreadcrumbList","@id":"https:\/\/www.livedeep.tv\/web\/es\/2021\/08\/liderazgo-basado-en-fortalezas-podcast-13-practica-la-psicologia-positiva\/#breadcrumb","itemListElement":[{"@type":"ListItem","position":1,"name":"Home","item":"https:\/\/www.livedeep.tv\/web\/es\/"},{"@type":"ListItem","position":2,"name":"Liderazgo basado en fortalezas: Podcast #13 &#8211; Practica la Psicolog\u00eda Positiva"}]},{"@type":"WebSite","@id":"https:\/\/www.livedeep.tv\/web\/es\/#website","url":"https:\/\/www.livedeep.tv\/web\/es\/","name":"LiveDEEP.TV","description":"Just another WordPress site","publisher":{"@id":"https:\/\/www.livedeep.tv\/web\/es\/#organization"},"potentialAction":[{"@type":"SearchAction","target":{"@type":"EntryPoint","urlTemplate":"https:\/\/www.livedeep.tv\/web\/es\/?s={search_term_string}"},"query-input":{"@type":"PropertyValueSpecification","valueRequired":true,"valueName":"search_term_string"}}],"inLanguage":"es"},{"@type":"Organization","@id":"https:\/\/www.livedeep.tv\/web\/es\/#organization","name":"LiveDEEP.TV","url":"https:\/\/www.livedeep.tv\/web\/es\/","logo":{"@type":"ImageObject","inLanguage":"es","@id":"https:\/\/www.livedeep.tv\/web\/es\/#\/schema\/logo\/image\/","url":"https:\/\/www.livedeep.tv\/web\/wp-content\/uploads\/2019\/10\/lvd-uplogoretina.png","contentUrl":"https:\/\/www.livedeep.tv\/web\/wp-content\/uploads\/2019\/10\/lvd-uplogoretina.png","width":544,"height":173,"caption":"LiveDEEP.TV"},"image":{"@id":"https:\/\/www.livedeep.tv\/web\/es\/#\/schema\/logo\/image\/"}},{"@type":"Person","@id":"https:\/\/www.livedeep.tv\/web\/es\/#\/schema\/person\/0578354f0a78cc36dbf665f7a5f47946","name":"LvDP.TV Synthetintelligence\u2122","image":{"@type":"ImageObject","inLanguage":"es","@id":"https:\/\/www.livedeep.tv\/web\/wp-content\/uploads\/avatars\/1\/5d9525a1f239d-bpfull.jpg3d90d9a792288d4099044e0f9c3bf9c0","url":"https:\/\/www.livedeep.tv\/web\/wp-content\/uploads\/avatars\/1\/5d9525a1f239d-bpfull.jpg","contentUrl":"https:\/\/www.livedeep.tv\/web\/wp-content\/uploads\/avatars\/1\/5d9525a1f239d-bpfull.jpg","caption":"LvDP.TV Synthetintelligence\u2122"},"description":"Any info about our website, please let me know. Thanks.","sameAs":["https:\/\/www.livedeep.tv"],"url":"https:\/\/www.livedeep.tv\/web\/es\/author\/infolivedeep-tv\/"}]}},"amp_enabled":true,"fifu_video_url":"https:\/\/www.youtube.com\/embed\/34CDbbLrx_w","_links":{"self":[{"href":"https:\/\/www.livedeep.tv\/web\/es\/wp-json\/wp\/v2\/posts\/12482","targetHints":{"allow":["GET"]}}],"collection":[{"href":"https:\/\/www.livedeep.tv\/web\/es\/wp-json\/wp\/v2\/posts"}],"about":[{"href":"https:\/\/www.livedeep.tv\/web\/es\/wp-json\/wp\/v2\/types\/post"}],"author":[{"embeddable":true,"href":"https:\/\/www.livedeep.tv\/web\/es\/wp-json\/wp\/v2\/users\/1"}],"replies":[{"embeddable":true,"href":"https:\/\/www.livedeep.tv\/web\/es\/wp-json\/wp\/v2\/comments?post=12482"}],"version-history":[{"count":0,"href":"https:\/\/www.livedeep.tv\/web\/es\/wp-json\/wp\/v2\/posts\/12482\/revisions"}],"wp:featuredmedia":[{"embeddable":true,"href":"https:\/\/www.livedeep.tv\/web\/es\/wp-json\/wp\/v2\/media\/335096"}],"wp:attachment":[{"href":"https:\/\/www.livedeep.tv\/web\/es\/wp-json\/wp\/v2\/media?parent=12482"}],"wp:term":[{"taxonomy":"category","embeddable":true,"href":"https:\/\/www.livedeep.tv\/web\/es\/wp-json\/wp\/v2\/categories?post=12482"},{"taxonomy":"post_tag","embeddable":true,"href":"https:\/\/www.livedeep.tv\/web\/es\/wp-json\/wp\/v2\/tags?post=12482"},{"taxonomy":"author","embeddable":true,"href":"https:\/\/www.livedeep.tv\/web\/es\/wp-json\/wp\/v2\/coauthors?post=12482"}],"curies":[{"name":"wp","href":"https:\/\/api.w.org\/{rel}","templated":true}]}}