{"id":11811,"date":"2020-07-20T09:36:31","date_gmt":"2020-07-20T16:36:31","guid":{"rendered":"https:\/\/www.livedeep.tv\/2020\/07\/el-poder-de-la-actitud-mental-positiva-%f0%9f%92%aa-victor-kuppers-motivacion-%f0%9f%92%a1\/"},"modified":"2020-07-20T09:36:31","modified_gmt":"2020-07-20T16:36:31","slug":"el-poder-de-la-actitud-mental-positiva-%f0%9f%92%aa-victor-kuppers-motivacion-%f0%9f%92%a1","status":"publish","type":"post","link":"https:\/\/www.livedeep.tv\/web\/es\/2020\/07\/el-poder-de-la-actitud-mental-positiva-%f0%9f%92%aa-victor-kuppers-motivacion-%f0%9f%92%a1\/","title":{"rendered":"El PODER de la ACTITUD MENTAL POSITIVA \ud83d\udcaa | Victor K\u00fcppers (MOTIVACION) \ud83d\udca1"},"content":{"rendered":"<p><iframe loading=\"lazy\"  width=\"580\" height=\"385\" src=\"https:\/\/www.youtube.com\/embed\/opdcCjFN-EM?rel=0&#038;modestbranding=1\" frameborder=\"0\" allowfullscreen><\/iframe><br \/>\n<br \/>La actitud mental positiva es un excelente poder para alcanzar el \u00e9xito en la vida seg\u00fan Victor K\u00fcppers. La actitud mental positiva es determinante para cualquier aspecto en la vida ya sea profesional o personal permitiendo la misma abrir mas caminos en cualquier \u00e1rea de la vida. Cambiar tu actitud cambia tu vida!<\/p>\n<p>\u00dananse a la comunidad para mas contenido de calidad: \ud83d\udc47<\/p>\n<p>\ud83d\udc9aFacebook \ud83d\udc49<br \/>\n\ud83d\udc93 Instagram \ud83d\udc49<br \/>\n\ud83d\udc99Twitter  \ud83d\udc49<br \/>\n<br \/><a href=\"https:\/\/www.youtube.com\/watch?v=opdcCjFN-EM\">source<\/a><\/p>\n","protected":false},"excerpt":{"rendered":"<p>La actitud mental positiva es un excelente poder para alcanzar el \u00e9xito en la vida seg\u00fan Victor K\u00fcppers. La actitud mental positiva es determinante para cualquier aspecto en la vida ya sea profesional o personal permitiendo la misma abrir mas caminos en cualquier \u00e1rea de la vida. Cambiar tu actitud cambia tu vida! \u00dananse a &hellip;<\/p>\n","protected":false},"author":1,"featured_media":334832,"comment_status":"open","ping_status":"closed","sticky":false,"template":"","format":"standard","meta":{"footnotes":""},"categories":[122],"tags":[],"coauthors":[62],"class_list":["post-11811","post","type-post","status-publish","format-standard","has-post-thumbnail","hentry","category-estilo-de-vida"],"yoast_head":"<!-- This site is optimized with the Yoast SEO Premium plugin v26.6 (Yoast SEO v27.5) - https:\/\/yoast.com\/product\/yoast-seo-premium-wordpress\/ -->\n<title>El PODER de la ACTITUD MENTAL POSITIVA \ud83d\udcaa | Victor K\u00fcppers (MOTIVACION) \ud83d\udca1 - LiveDEEP.TV<\/title>\n<meta name=\"robots\" content=\"index, follow, max-snippet:-1, max-image-preview:large, max-video-preview:-1\" \/>\n<link rel=\"canonical\" href=\"https:\/\/www.livedeep.tv\/web\/es\/2020\/07\/el-poder-de-la-actitud-mental-positiva-\ud83d\udcaa-victor-kuppers-motivacion-\ud83d\udca1\/\" \/>\n<meta property=\"og:locale\" content=\"es_ES\" \/>\n<meta property=\"og:type\" content=\"article\" \/>\n<meta property=\"og:title\" content=\"El PODER de la ACTITUD MENTAL POSITIVA \ud83d\udcaa | Victor K\u00fcppers (MOTIVACION) \ud83d\udca1\" \/>\n<meta property=\"og:description\" content=\"La actitud mental positiva es un excelente poder para alcanzar el \u00e9xito en la vida seg\u00fan Victor K\u00fcppers. La actitud mental positiva es determinante para cualquier aspecto en la vida ya sea profesional o personal permitiendo la misma abrir mas caminos en cualquier \u00e1rea de la vida. Cambiar tu actitud cambia tu vida! \u00dananse a &hellip;\" \/>\n<meta property=\"og:url\" content=\"https:\/\/www.livedeep.tv\/web\/es\/2020\/07\/el-poder-de-la-actitud-mental-positiva-\ud83d\udcaa-victor-kuppers-motivacion-\ud83d\udca1\/\" \/>\n<meta property=\"og:site_name\" content=\"LiveDEEP.TV\" \/>\n<meta property=\"article:published_time\" content=\"2020-07-20T16:36:31+00:00\" \/>\n<meta property=\"og:image\" content=\"https:\/\/img.youtube.com\/vi\/opdcCjFN-EM\/maxresdefault.jpg?\" \/><meta property=\"og:image\" content=\"https:\/\/img.youtube.com\/vi\/opdcCjFN-EM\/maxresdefault.jpg?\" \/>\n\t<meta property=\"og:image:width\" content=\"1280\" \/>\n\t<meta property=\"og:image:height\" content=\"720\" \/>\n\t<meta property=\"og:image:type\" content=\"image\/jpeg\" \/>\n<meta name=\"author\" content=\"LvDP.TV Synthetintelligence\u2122\" \/>\n<meta name=\"twitter:card\" content=\"summary_large_image\" \/>\n<meta name=\"twitter:image\" content=\"https:\/\/img.youtube.com\/vi\/opdcCjFN-EM\/maxresdefault.jpg?\" \/>\n<meta name=\"twitter:label1\" content=\"Escrito por\" \/>\n\t<meta name=\"twitter:data1\" content=\"LvDP.TV Synthetintelligence\u2122\" \/>\n\t<meta name=\"twitter:label2\" content=\"Written by\" \/>\n\t<meta name=\"twitter:data2\" content=\"LvDP.TV Synthetintelligence\u2122\" \/>\n<script type=\"application\/ld+json\" class=\"yoast-schema-graph\">{\"@context\":\"https:\\\/\\\/schema.org\",\"@graph\":[{\"@type\":\"Article\",\"@id\":\"https:\\\/\\\/www.livedeep.tv\\\/web\\\/es\\\/2020\\\/07\\\/el-poder-de-la-actitud-mental-positiva-%f0%9f%92%aa-victor-kuppers-motivacion-%f0%9f%92%a1\\\/#article\",\"isPartOf\":{\"@id\":\"https:\\\/\\\/www.livedeep.tv\\\/web\\\/es\\\/2020\\\/07\\\/el-poder-de-la-actitud-mental-positiva-%f0%9f%92%aa-victor-kuppers-motivacion-%f0%9f%92%a1\\\/\"},\"author\":{\"name\":\"LvDP.TV Synthetintelligence\u2122\",\"@id\":\"https:\\\/\\\/www.livedeep.tv\\\/web\\\/es\\\/#\\\/schema\\\/person\\\/0578354f0a78cc36dbf665f7a5f47946\"},\"headline\":\"El PODER de la ACTITUD MENTAL POSITIVA \ud83d\udcaa | Victor K\u00fcppers (MOTIVACION) \ud83d\udca1\",\"datePublished\":\"2020-07-20T16:36:31+00:00\",\"mainEntityOfPage\":{\"@id\":\"https:\\\/\\\/www.livedeep.tv\\\/web\\\/es\\\/2020\\\/07\\\/el-poder-de-la-actitud-mental-positiva-%f0%9f%92%aa-victor-kuppers-motivacion-%f0%9f%92%a1\\\/\"},\"wordCount\":79,\"commentCount\":0,\"publisher\":{\"@id\":\"https:\\\/\\\/www.livedeep.tv\\\/web\\\/es\\\/#organization\"},\"image\":{\"@id\":\"https:\\\/\\\/www.livedeep.tv\\\/web\\\/es\\\/2020\\\/07\\\/el-poder-de-la-actitud-mental-positiva-%f0%9f%92%aa-victor-kuppers-motivacion-%f0%9f%92%a1\\\/#primaryimage\"},\"thumbnailUrl\":\"https:\\\/\\\/www.livedeep.tv\\\/web\\\/wp-content\\\/uploads\\\/https:\\\/\\\/img.youtube.com\\\/vi\\\/opdcCjFN-EM\\\/maxresdefault.jpg?\",\"articleSection\":[\"Estilo de Vida\"],\"inLanguage\":\"es\",\"potentialAction\":[{\"@type\":\"CommentAction\",\"name\":\"Comment\",\"target\":[\"https:\\\/\\\/www.livedeep.tv\\\/web\\\/es\\\/2020\\\/07\\\/el-poder-de-la-actitud-mental-positiva-%f0%9f%92%aa-victor-kuppers-motivacion-%f0%9f%92%a1\\\/#respond\"]}]},{\"@type\":\"WebPage\",\"@id\":\"https:\\\/\\\/www.livedeep.tv\\\/web\\\/es\\\/2020\\\/07\\\/el-poder-de-la-actitud-mental-positiva-%f0%9f%92%aa-victor-kuppers-motivacion-%f0%9f%92%a1\\\/\",\"url\":\"https:\\\/\\\/www.livedeep.tv\\\/web\\\/es\\\/2020\\\/07\\\/el-poder-de-la-actitud-mental-positiva-%f0%9f%92%aa-victor-kuppers-motivacion-%f0%9f%92%a1\\\/\",\"name\":\"El PODER de la ACTITUD MENTAL POSITIVA \ud83d\udcaa | Victor K\u00fcppers (MOTIVACION) \ud83d\udca1 - LiveDEEP.TV\",\"isPartOf\":{\"@id\":\"https:\\\/\\\/www.livedeep.tv\\\/web\\\/es\\\/#website\"},\"primaryImageOfPage\":{\"@id\":\"https:\\\/\\\/www.livedeep.tv\\\/web\\\/es\\\/2020\\\/07\\\/el-poder-de-la-actitud-mental-positiva-%f0%9f%92%aa-victor-kuppers-motivacion-%f0%9f%92%a1\\\/#primaryimage\"},\"image\":{\"@id\":\"https:\\\/\\\/www.livedeep.tv\\\/web\\\/es\\\/2020\\\/07\\\/el-poder-de-la-actitud-mental-positiva-%f0%9f%92%aa-victor-kuppers-motivacion-%f0%9f%92%a1\\\/#primaryimage\"},\"thumbnailUrl\":\"https:\\\/\\\/www.livedeep.tv\\\/web\\\/wp-content\\\/uploads\\\/https:\\\/\\\/img.youtube.com\\\/vi\\\/opdcCjFN-EM\\\/maxresdefault.jpg?\",\"datePublished\":\"2020-07-20T16:36:31+00:00\",\"breadcrumb\":{\"@id\":\"https:\\\/\\\/www.livedeep.tv\\\/web\\\/es\\\/2020\\\/07\\\/el-poder-de-la-actitud-mental-positiva-%f0%9f%92%aa-victor-kuppers-motivacion-%f0%9f%92%a1\\\/#breadcrumb\"},\"inLanguage\":\"es\",\"potentialAction\":[{\"@type\":\"ReadAction\",\"target\":[\"https:\\\/\\\/www.livedeep.tv\\\/web\\\/es\\\/2020\\\/07\\\/el-poder-de-la-actitud-mental-positiva-%f0%9f%92%aa-victor-kuppers-motivacion-%f0%9f%92%a1\\\/\"]}]},{\"@type\":\"ImageObject\",\"inLanguage\":\"es\",\"@id\":\"https:\\\/\\\/www.livedeep.tv\\\/web\\\/es\\\/2020\\\/07\\\/el-poder-de-la-actitud-mental-positiva-%f0%9f%92%aa-victor-kuppers-motivacion-%f0%9f%92%a1\\\/#primaryimage\",\"url\":\"https:\\\/\\\/www.livedeep.tv\\\/web\\\/wp-content\\\/uploads\\\/https:\\\/\\\/img.youtube.com\\\/vi\\\/opdcCjFN-EM\\\/maxresdefault.jpg?\",\"contentUrl\":\"https:\\\/\\\/www.livedeep.tv\\\/web\\\/wp-content\\\/uploads\\\/https:\\\/\\\/img.youtube.com\\\/vi\\\/opdcCjFN-EM\\\/maxresdefault.jpg?\"},{\"@type\":\"BreadcrumbList\",\"@id\":\"https:\\\/\\\/www.livedeep.tv\\\/web\\\/es\\\/2020\\\/07\\\/el-poder-de-la-actitud-mental-positiva-%f0%9f%92%aa-victor-kuppers-motivacion-%f0%9f%92%a1\\\/#breadcrumb\",\"itemListElement\":[{\"@type\":\"ListItem\",\"position\":1,\"name\":\"Home\",\"item\":\"https:\\\/\\\/www.livedeep.tv\\\/web\\\/es\\\/\"},{\"@type\":\"ListItem\",\"position\":2,\"name\":\"El PODER de la ACTITUD MENTAL POSITIVA \ud83d\udcaa | Victor K\u00fcppers (MOTIVACION) \ud83d\udca1\"}]},{\"@type\":\"WebSite\",\"@id\":\"https:\\\/\\\/www.livedeep.tv\\\/web\\\/es\\\/#website\",\"url\":\"https:\\\/\\\/www.livedeep.tv\\\/web\\\/es\\\/\",\"name\":\"LiveDEEP.TV\",\"description\":\"Just another WordPress site\",\"publisher\":{\"@id\":\"https:\\\/\\\/www.livedeep.tv\\\/web\\\/es\\\/#organization\"},\"potentialAction\":[{\"@type\":\"SearchAction\",\"target\":{\"@type\":\"EntryPoint\",\"urlTemplate\":\"https:\\\/\\\/www.livedeep.tv\\\/web\\\/es\\\/?s={search_term_string}\"},\"query-input\":{\"@type\":\"PropertyValueSpecification\",\"valueRequired\":true,\"valueName\":\"search_term_string\"}}],\"inLanguage\":\"es\"},{\"@type\":\"Organization\",\"@id\":\"https:\\\/\\\/www.livedeep.tv\\\/web\\\/es\\\/#organization\",\"name\":\"LiveDEEP.TV\",\"url\":\"https:\\\/\\\/www.livedeep.tv\\\/web\\\/es\\\/\",\"logo\":{\"@type\":\"ImageObject\",\"inLanguage\":\"es\",\"@id\":\"https:\\\/\\\/www.livedeep.tv\\\/web\\\/es\\\/#\\\/schema\\\/logo\\\/image\\\/\",\"url\":\"https:\\\/\\\/www.livedeep.tv\\\/web\\\/wp-content\\\/uploads\\\/2019\\\/10\\\/lvd-uplogoretina.png\",\"contentUrl\":\"https:\\\/\\\/www.livedeep.tv\\\/web\\\/wp-content\\\/uploads\\\/2019\\\/10\\\/lvd-uplogoretina.png\",\"width\":544,\"height\":173,\"caption\":\"LiveDEEP.TV\"},\"image\":{\"@id\":\"https:\\\/\\\/www.livedeep.tv\\\/web\\\/es\\\/#\\\/schema\\\/logo\\\/image\\\/\"}},{\"@type\":\"Person\",\"@id\":\"https:\\\/\\\/www.livedeep.tv\\\/web\\\/es\\\/#\\\/schema\\\/person\\\/0578354f0a78cc36dbf665f7a5f47946\",\"name\":\"LvDP.TV Synthetintelligence\u2122\",\"image\":{\"@type\":\"ImageObject\",\"inLanguage\":\"es\",\"@id\":\"https:\\\/\\\/www.livedeep.tv\\\/web\\\/wp-content\\\/uploads\\\/avatars\\\/1\\\/5d9525a1f239d-bpfull.jpg3d90d9a792288d4099044e0f9c3bf9c0\",\"url\":\"https:\\\/\\\/www.livedeep.tv\\\/web\\\/wp-content\\\/uploads\\\/avatars\\\/1\\\/5d9525a1f239d-bpfull.jpg\",\"contentUrl\":\"https:\\\/\\\/www.livedeep.tv\\\/web\\\/wp-content\\\/uploads\\\/avatars\\\/1\\\/5d9525a1f239d-bpfull.jpg\",\"caption\":\"LvDP.TV Synthetintelligence\u2122\"},\"description\":\"Any info about our website, please let me know. Thanks.\",\"sameAs\":[\"https:\\\/\\\/www.livedeep.tv\"],\"url\":\"https:\\\/\\\/www.livedeep.tv\\\/web\\\/es\\\/author\\\/infolivedeep-tv\\\/\"}]}<\/script>\n<!-- \/ Yoast SEO Premium plugin. -->","yoast_head_json":{"title":"El PODER de la ACTITUD MENTAL POSITIVA \ud83d\udcaa | Victor K\u00fcppers (MOTIVACION) \ud83d\udca1 - LiveDEEP.TV","robots":{"index":"index","follow":"follow","max-snippet":"max-snippet:-1","max-image-preview":"max-image-preview:large","max-video-preview":"max-video-preview:-1"},"canonical":"https:\/\/www.livedeep.tv\/web\/es\/2020\/07\/el-poder-de-la-actitud-mental-positiva-\ud83d\udcaa-victor-kuppers-motivacion-\ud83d\udca1\/","og_locale":"es_ES","og_type":"article","og_title":"El PODER de la ACTITUD MENTAL POSITIVA \ud83d\udcaa | Victor K\u00fcppers (MOTIVACION) \ud83d\udca1","og_description":"La actitud mental positiva es un excelente poder para alcanzar el \u00e9xito en la vida seg\u00fan Victor K\u00fcppers. La actitud mental positiva es determinante para cualquier aspecto en la vida ya sea profesional o personal permitiendo la misma abrir mas caminos en cualquier \u00e1rea de la vida. Cambiar tu actitud cambia tu vida! \u00dananse a &hellip;","og_url":"https:\/\/www.livedeep.tv\/web\/es\/2020\/07\/el-poder-de-la-actitud-mental-positiva-\ud83d\udcaa-victor-kuppers-motivacion-\ud83d\udca1\/","og_site_name":"LiveDEEP.TV","article_published_time":"2020-07-20T16:36:31+00:00","og_image":[{"url":"https:\/\/img.youtube.com\/vi\/opdcCjFN-EM\/maxresdefault.jpg?","type":"","width":"","height":""},{"width":1280,"height":720,"url":"https:\/\/img.youtube.com\/vi\/opdcCjFN-EM\/maxresdefault.jpg?","type":"image\/jpeg"}],"author":"LvDP.TV Synthetintelligence\u2122","twitter_card":"summary_large_image","twitter_image":"https:\/\/img.youtube.com\/vi\/opdcCjFN-EM\/maxresdefault.jpg?","twitter_misc":{"Escrito por":"LvDP.TV Synthetintelligence\u2122","Written by":"LvDP.TV Synthetintelligence\u2122"},"schema":{"@context":"https:\/\/schema.org","@graph":[{"@type":"Article","@id":"https:\/\/www.livedeep.tv\/web\/es\/2020\/07\/el-poder-de-la-actitud-mental-positiva-%f0%9f%92%aa-victor-kuppers-motivacion-%f0%9f%92%a1\/#article","isPartOf":{"@id":"https:\/\/www.livedeep.tv\/web\/es\/2020\/07\/el-poder-de-la-actitud-mental-positiva-%f0%9f%92%aa-victor-kuppers-motivacion-%f0%9f%92%a1\/"},"author":{"name":"LvDP.TV Synthetintelligence\u2122","@id":"https:\/\/www.livedeep.tv\/web\/es\/#\/schema\/person\/0578354f0a78cc36dbf665f7a5f47946"},"headline":"El PODER de la ACTITUD MENTAL POSITIVA \ud83d\udcaa | Victor K\u00fcppers (MOTIVACION) \ud83d\udca1","datePublished":"2020-07-20T16:36:31+00:00","mainEntityOfPage":{"@id":"https:\/\/www.livedeep.tv\/web\/es\/2020\/07\/el-poder-de-la-actitud-mental-positiva-%f0%9f%92%aa-victor-kuppers-motivacion-%f0%9f%92%a1\/"},"wordCount":79,"commentCount":0,"publisher":{"@id":"https:\/\/www.livedeep.tv\/web\/es\/#organization"},"image":{"@id":"https:\/\/www.livedeep.tv\/web\/es\/2020\/07\/el-poder-de-la-actitud-mental-positiva-%f0%9f%92%aa-victor-kuppers-motivacion-%f0%9f%92%a1\/#primaryimage"},"thumbnailUrl":"https:\/\/www.livedeep.tv\/web\/wp-content\/uploads\/https:\/\/img.youtube.com\/vi\/opdcCjFN-EM\/maxresdefault.jpg?","articleSection":["Estilo de Vida"],"inLanguage":"es","potentialAction":[{"@type":"CommentAction","name":"Comment","target":["https:\/\/www.livedeep.tv\/web\/es\/2020\/07\/el-poder-de-la-actitud-mental-positiva-%f0%9f%92%aa-victor-kuppers-motivacion-%f0%9f%92%a1\/#respond"]}]},{"@type":"WebPage","@id":"https:\/\/www.livedeep.tv\/web\/es\/2020\/07\/el-poder-de-la-actitud-mental-positiva-%f0%9f%92%aa-victor-kuppers-motivacion-%f0%9f%92%a1\/","url":"https:\/\/www.livedeep.tv\/web\/es\/2020\/07\/el-poder-de-la-actitud-mental-positiva-%f0%9f%92%aa-victor-kuppers-motivacion-%f0%9f%92%a1\/","name":"El PODER de la ACTITUD MENTAL POSITIVA \ud83d\udcaa | Victor K\u00fcppers (MOTIVACION) \ud83d\udca1 - LiveDEEP.TV","isPartOf":{"@id":"https:\/\/www.livedeep.tv\/web\/es\/#website"},"primaryImageOfPage":{"@id":"https:\/\/www.livedeep.tv\/web\/es\/2020\/07\/el-poder-de-la-actitud-mental-positiva-%f0%9f%92%aa-victor-kuppers-motivacion-%f0%9f%92%a1\/#primaryimage"},"image":{"@id":"https:\/\/www.livedeep.tv\/web\/es\/2020\/07\/el-poder-de-la-actitud-mental-positiva-%f0%9f%92%aa-victor-kuppers-motivacion-%f0%9f%92%a1\/#primaryimage"},"thumbnailUrl":"https:\/\/www.livedeep.tv\/web\/wp-content\/uploads\/https:\/\/img.youtube.com\/vi\/opdcCjFN-EM\/maxresdefault.jpg?","datePublished":"2020-07-20T16:36:31+00:00","breadcrumb":{"@id":"https:\/\/www.livedeep.tv\/web\/es\/2020\/07\/el-poder-de-la-actitud-mental-positiva-%f0%9f%92%aa-victor-kuppers-motivacion-%f0%9f%92%a1\/#breadcrumb"},"inLanguage":"es","potentialAction":[{"@type":"ReadAction","target":["https:\/\/www.livedeep.tv\/web\/es\/2020\/07\/el-poder-de-la-actitud-mental-positiva-%f0%9f%92%aa-victor-kuppers-motivacion-%f0%9f%92%a1\/"]}]},{"@type":"ImageObject","inLanguage":"es","@id":"https:\/\/www.livedeep.tv\/web\/es\/2020\/07\/el-poder-de-la-actitud-mental-positiva-%f0%9f%92%aa-victor-kuppers-motivacion-%f0%9f%92%a1\/#primaryimage","url":"https:\/\/www.livedeep.tv\/web\/wp-content\/uploads\/https:\/\/img.youtube.com\/vi\/opdcCjFN-EM\/maxresdefault.jpg?","contentUrl":"https:\/\/www.livedeep.tv\/web\/wp-content\/uploads\/https:\/\/img.youtube.com\/vi\/opdcCjFN-EM\/maxresdefault.jpg?"},{"@type":"BreadcrumbList","@id":"https:\/\/www.livedeep.tv\/web\/es\/2020\/07\/el-poder-de-la-actitud-mental-positiva-%f0%9f%92%aa-victor-kuppers-motivacion-%f0%9f%92%a1\/#breadcrumb","itemListElement":[{"@type":"ListItem","position":1,"name":"Home","item":"https:\/\/www.livedeep.tv\/web\/es\/"},{"@type":"ListItem","position":2,"name":"El PODER de la ACTITUD MENTAL POSITIVA \ud83d\udcaa | Victor K\u00fcppers (MOTIVACION) \ud83d\udca1"}]},{"@type":"WebSite","@id":"https:\/\/www.livedeep.tv\/web\/es\/#website","url":"https:\/\/www.livedeep.tv\/web\/es\/","name":"LiveDEEP.TV","description":"Just another WordPress site","publisher":{"@id":"https:\/\/www.livedeep.tv\/web\/es\/#organization"},"potentialAction":[{"@type":"SearchAction","target":{"@type":"EntryPoint","urlTemplate":"https:\/\/www.livedeep.tv\/web\/es\/?s={search_term_string}"},"query-input":{"@type":"PropertyValueSpecification","valueRequired":true,"valueName":"search_term_string"}}],"inLanguage":"es"},{"@type":"Organization","@id":"https:\/\/www.livedeep.tv\/web\/es\/#organization","name":"LiveDEEP.TV","url":"https:\/\/www.livedeep.tv\/web\/es\/","logo":{"@type":"ImageObject","inLanguage":"es","@id":"https:\/\/www.livedeep.tv\/web\/es\/#\/schema\/logo\/image\/","url":"https:\/\/www.livedeep.tv\/web\/wp-content\/uploads\/2019\/10\/lvd-uplogoretina.png","contentUrl":"https:\/\/www.livedeep.tv\/web\/wp-content\/uploads\/2019\/10\/lvd-uplogoretina.png","width":544,"height":173,"caption":"LiveDEEP.TV"},"image":{"@id":"https:\/\/www.livedeep.tv\/web\/es\/#\/schema\/logo\/image\/"}},{"@type":"Person","@id":"https:\/\/www.livedeep.tv\/web\/es\/#\/schema\/person\/0578354f0a78cc36dbf665f7a5f47946","name":"LvDP.TV Synthetintelligence\u2122","image":{"@type":"ImageObject","inLanguage":"es","@id":"https:\/\/www.livedeep.tv\/web\/wp-content\/uploads\/avatars\/1\/5d9525a1f239d-bpfull.jpg3d90d9a792288d4099044e0f9c3bf9c0","url":"https:\/\/www.livedeep.tv\/web\/wp-content\/uploads\/avatars\/1\/5d9525a1f239d-bpfull.jpg","contentUrl":"https:\/\/www.livedeep.tv\/web\/wp-content\/uploads\/avatars\/1\/5d9525a1f239d-bpfull.jpg","caption":"LvDP.TV Synthetintelligence\u2122"},"description":"Any info about our website, please let me know. Thanks.","sameAs":["https:\/\/www.livedeep.tv"],"url":"https:\/\/www.livedeep.tv\/web\/es\/author\/infolivedeep-tv\/"}]}},"amp_enabled":true,"fifu_video_url":"https:\/\/www.youtube.com\/embed\/opdcCjFN-EM","_links":{"self":[{"href":"https:\/\/www.livedeep.tv\/web\/es\/wp-json\/wp\/v2\/posts\/11811","targetHints":{"allow":["GET"]}}],"collection":[{"href":"https:\/\/www.livedeep.tv\/web\/es\/wp-json\/wp\/v2\/posts"}],"about":[{"href":"https:\/\/www.livedeep.tv\/web\/es\/wp-json\/wp\/v2\/types\/post"}],"author":[{"embeddable":true,"href":"https:\/\/www.livedeep.tv\/web\/es\/wp-json\/wp\/v2\/users\/1"}],"replies":[{"embeddable":true,"href":"https:\/\/www.livedeep.tv\/web\/es\/wp-json\/wp\/v2\/comments?post=11811"}],"version-history":[{"count":0,"href":"https:\/\/www.livedeep.tv\/web\/es\/wp-json\/wp\/v2\/posts\/11811\/revisions"}],"wp:featuredmedia":[{"embeddable":true,"href":"https:\/\/www.livedeep.tv\/web\/es\/wp-json\/wp\/v2\/media\/334832"}],"wp:attachment":[{"href":"https:\/\/www.livedeep.tv\/web\/es\/wp-json\/wp\/v2\/media?parent=11811"}],"wp:term":[{"taxonomy":"category","embeddable":true,"href":"https:\/\/www.livedeep.tv\/web\/es\/wp-json\/wp\/v2\/categories?post=11811"},{"taxonomy":"post_tag","embeddable":true,"href":"https:\/\/www.livedeep.tv\/web\/es\/wp-json\/wp\/v2\/tags?post=11811"},{"taxonomy":"author","embeddable":true,"href":"https:\/\/www.livedeep.tv\/web\/es\/wp-json\/wp\/v2\/coauthors?post=11811"}],"curies":[{"name":"wp","href":"https:\/\/api.w.org\/{rel}","templated":true}]}}