{"id":11197,"date":"2020-07-02T21:06:33","date_gmt":"2020-07-03T04:06:33","guid":{"rendered":"https:\/\/www.livedeep.tv\/2020\/07\/%f0%9f%8c%b9-meditacion-de-la-manana-para-atraer-alegria-y-felicidad-durante-el-dia\/"},"modified":"2020-07-02T21:06:33","modified_gmt":"2020-07-03T04:06:33","slug":"%f0%9f%8c%b9-meditacion-de-la-manana-para-atraer-alegria-y-felicidad-durante-el-dia","status":"publish","type":"post","link":"https:\/\/www.livedeep.tv\/web\/es\/2020\/07\/%f0%9f%8c%b9-meditacion-de-la-manana-para-atraer-alegria-y-felicidad-durante-el-dia\/","title":{"rendered":"\ud83c\udf39 Meditaci\u00f3n de la Ma\u00f1ana para Atraer Alegr\u00eda y Felicidad Durante el D\u00eda"},"content":{"rendered":"<p><iframe loading=\"lazy\"  width=\"580\" height=\"385\" src=\"https:\/\/www.youtube.com\/embed\/VTMLLUwE5X4?rel=0&#038;modestbranding=1\" frameborder=\"0\" allowfullscreen><\/iframe><br \/>\n<br \/>Meditaci\u00f3n guiada de la ma\u00f1ana para empezar el d\u00eda con energ\u00eda positiva, relajaci\u00f3n y calma mental. Una meditaci\u00f3n mindfulness guiada para calmar la mente y atraer felicidad a lo largo del d\u00eda. Meditaci\u00f3n matinal para escuchar todas las ma\u00f1anas. <\/p>\n<p>Buenos y preciosos d\u00edas! Hoy os he preparado una clase de meditaci\u00f3n guiada para hacer por la ma\u00f1ana, cuya finalidad es predisponer el cuerpo, la mente y las emociones a recibir los acontecimientos del d\u00eda con alegr\u00eda, ecuanimidad y felicidad, pase lo que pase. <\/p>\n<p>\u00bfQu\u00e9 haremos en esta meditaci\u00f3n y c\u00f3mo debemos hacerlo? <\/p>\n<p>Primero, como siempre, haremos unas respiraciones para ir centrando la mente. Llevar la atenci\u00f3n de la mente al interior, a la respiraci\u00f3n, es uno de los m\u00e9todos m\u00e1s eficaces para detener su movimiento compulsivo. La capacidad de atenci\u00f3n y concentraci\u00f3n es esencial para aprender a ser feliz, literalmente. Por eso, ten en cuenta que te vendr\u00e1n pensamientos a la cabeza, seguro, es lo normal. El ejercicio, a lo largo de toda la meditaci\u00f3n, consiste en darte cuenta antes de ir pasando de un pensamiento a otro, darte cuenta cuando antes, al primer pensamiento que se cruce y regresar con tenacidad y amabilidad al objeto del ejercicio (respiraci\u00f3n). <\/p>\n<p>Despu\u00e9s te invitar\u00e9 a que realices un breve scanner corporal para te revises, para que observes y cuides como observar\u00edas y cuidar\u00edas a una persona a la que quieres mucho. Si detectas dolor, molestias, etc&#8230; simplemente date cuenta, ac\u00e9ptalo y sigue adelante. Ten en cuenta en este sentido que muchas veces esos nervios, estr\u00e9s, dolor o molestias ya est\u00e1n ah\u00ed antes de hacer la meditaci\u00f3n, pero es cuando paramos y nos observamos que nos damos cuenta y lo hacemos consciente. Por eso, si sientes molestias de cualquier tipo, no te preocupes, es normal, es solo que lo est\u00e1s haciendo consciente. Como ver\u00e1s en la meditaci\u00f3n, te invitar\u00e9 a que te dediques unas palabras de cuidado y consuelo. <\/p>\n<p>Despu\u00e9s haremos lo mismo pero con las emociones, escuchando c\u00f3mo nos sentimos hoy y d\u00e1ndonos el cuidado y afecto que necesitamos.<\/p>\n<p>Por \u00faltimo, predispondremos la mente y las emociones para afrontar los posibles momentos dif\u00edciles que nos presente el d\u00eda, reconociendo nuestra fortaleza para afrontarlos y tambi\u00e9n nuestro derecho a equivocarnos. <\/p>\n<p>Despu\u00e9s predispondremos la mente para que est\u00e9 atenta a todos los peque\u00f1os milagros y regalos que nos haga la vida a lo largo del d\u00eda para que nos nutran. <\/p>\n<p>Espero de todo coraz\u00f3n que esta meditaci\u00f3n te sirva \ud83d\ude42<\/p>\n<p>Suscr\u00edbete al canal para ayudarme a crecer \ud83d\ude42 GRACIAS!<\/p>\n<p>Mi p\u00e1gina de Facebook<\/p>\n<p>Mi otro Canal Babycuentos<\/p>\n<p>Fotograf\u00edas <\/p>\n<p>Edici\u00f3n y montaje del video, voz, texto y m\u00fasica<br \/>\nYo misma \ud83d\ude42<\/p>\n<p>Nota Importante: No te tomes muy en serio ninguno de los videos de este canal&#8230; solo son propuestas en base a mis experiencias, mi aprendizaje y mi propia evoluci\u00f3n. \u00dasalos si te sirven y des\u00e9chalos si no te sirven&#8230; Mi intenci\u00f3n es contribuir al mundo del mejor modo que s\u00e9 y puedo, pero eso no quiere decir que mi propuesta sea la acertada. De hecho solo s\u00e9 que me sirve a m\u00ed hoy&#8230; ma\u00f1ana quien sabe, todos andamos en constante evoluci\u00f3n y cambio.<br \/>\n<br \/><a href=\"https:\/\/www.youtube.com\/watch?v=VTMLLUwE5X4\">source<\/a><\/p>\n","protected":false},"excerpt":{"rendered":"<p>Meditaci\u00f3n guiada de la ma\u00f1ana para empezar el d\u00eda con energ\u00eda positiva, relajaci\u00f3n y calma mental. Una meditaci\u00f3n mindfulness guiada para calmar la mente y atraer felicidad a lo largo del d\u00eda. Meditaci\u00f3n matinal para escuchar todas las ma\u00f1anas. Buenos y preciosos d\u00edas! Hoy os he preparado una clase de meditaci\u00f3n guiada para hacer por &hellip;<\/p>\n","protected":false},"author":1,"featured_media":334556,"comment_status":"open","ping_status":"closed","sticky":false,"template":"","format":"standard","meta":{"footnotes":""},"categories":[120],"tags":[],"coauthors":[62],"class_list":["post-11197","post","type-post","status-publish","format-standard","has-post-thumbnail","hentry","category-mundo"],"yoast_head":"<!-- This site is optimized with the Yoast SEO Premium plugin v26.6 (Yoast SEO v27.5) - https:\/\/yoast.com\/product\/yoast-seo-premium-wordpress\/ -->\n<title>\ud83c\udf39 Meditaci\u00f3n de la Ma\u00f1ana para Atraer Alegr\u00eda y Felicidad Durante el D\u00eda - LiveDEEP.TV<\/title>\n<meta name=\"robots\" content=\"index, follow, max-snippet:-1, max-image-preview:large, max-video-preview:-1\" \/>\n<link rel=\"canonical\" href=\"https:\/\/www.livedeep.tv\/web\/es\/2020\/07\/\ud83c\udf39-meditacion-de-la-manana-para-atraer-alegria-y-felicidad-durante-el-dia\/\" \/>\n<meta property=\"og:locale\" content=\"es_ES\" \/>\n<meta property=\"og:type\" content=\"article\" \/>\n<meta property=\"og:title\" content=\"\ud83c\udf39 Meditaci\u00f3n de la Ma\u00f1ana para Atraer Alegr\u00eda y Felicidad Durante el D\u00eda\" \/>\n<meta property=\"og:description\" content=\"Meditaci\u00f3n guiada de la ma\u00f1ana para empezar el d\u00eda con energ\u00eda positiva, relajaci\u00f3n y calma mental. Una meditaci\u00f3n mindfulness guiada para calmar la mente y atraer felicidad a lo largo del d\u00eda. Meditaci\u00f3n matinal para escuchar todas las ma\u00f1anas. Buenos y preciosos d\u00edas! Hoy os he preparado una clase de meditaci\u00f3n guiada para hacer por &hellip;\" \/>\n<meta property=\"og:url\" content=\"https:\/\/www.livedeep.tv\/web\/es\/2020\/07\/\ud83c\udf39-meditacion-de-la-manana-para-atraer-alegria-y-felicidad-durante-el-dia\/\" \/>\n<meta property=\"og:site_name\" content=\"LiveDEEP.TV\" \/>\n<meta property=\"article:published_time\" content=\"2020-07-03T04:06:33+00:00\" \/>\n<meta property=\"og:image\" content=\"https:\/\/img.youtube.com\/vi\/VTMLLUwE5X4\/maxresdefault.jpg?\" \/><meta property=\"og:image\" content=\"https:\/\/img.youtube.com\/vi\/VTMLLUwE5X4\/maxresdefault.jpg?\" \/>\n\t<meta property=\"og:image:width\" content=\"1280\" \/>\n\t<meta property=\"og:image:height\" content=\"720\" \/>\n\t<meta property=\"og:image:type\" content=\"image\/jpeg\" \/>\n<meta name=\"author\" content=\"LvDP.TV Synthetintelligence\u2122\" \/>\n<meta name=\"twitter:card\" content=\"summary_large_image\" \/>\n<meta name=\"twitter:image\" content=\"https:\/\/img.youtube.com\/vi\/VTMLLUwE5X4\/maxresdefault.jpg?\" \/>\n<meta name=\"twitter:label1\" content=\"Escrito por\" \/>\n\t<meta name=\"twitter:data1\" content=\"LvDP.TV Synthetintelligence\u2122\" \/>\n\t<meta name=\"twitter:label2\" content=\"Tiempo de lectura\" \/>\n\t<meta name=\"twitter:data2\" content=\"3 minutos\" \/>\n\t<meta name=\"twitter:label3\" content=\"Written by\" \/>\n\t<meta name=\"twitter:data3\" content=\"LvDP.TV Synthetintelligence\u2122\" \/>\n<script type=\"application\/ld+json\" class=\"yoast-schema-graph\">{\"@context\":\"https:\\\/\\\/schema.org\",\"@graph\":[{\"@type\":\"Article\",\"@id\":\"https:\\\/\\\/www.livedeep.tv\\\/web\\\/es\\\/2020\\\/07\\\/%f0%9f%8c%b9-meditacion-de-la-manana-para-atraer-alegria-y-felicidad-durante-el-dia\\\/#article\",\"isPartOf\":{\"@id\":\"https:\\\/\\\/www.livedeep.tv\\\/web\\\/es\\\/2020\\\/07\\\/%f0%9f%8c%b9-meditacion-de-la-manana-para-atraer-alegria-y-felicidad-durante-el-dia\\\/\"},\"author\":{\"name\":\"LvDP.TV Synthetintelligence\u2122\",\"@id\":\"https:\\\/\\\/www.livedeep.tv\\\/web\\\/es\\\/#\\\/schema\\\/person\\\/0578354f0a78cc36dbf665f7a5f47946\"},\"headline\":\"\ud83c\udf39 Meditaci\u00f3n de la Ma\u00f1ana para Atraer Alegr\u00eda y Felicidad Durante el D\u00eda\",\"datePublished\":\"2020-07-03T04:06:33+00:00\",\"mainEntityOfPage\":{\"@id\":\"https:\\\/\\\/www.livedeep.tv\\\/web\\\/es\\\/2020\\\/07\\\/%f0%9f%8c%b9-meditacion-de-la-manana-para-atraer-alegria-y-felicidad-durante-el-dia\\\/\"},\"wordCount\":589,\"commentCount\":0,\"publisher\":{\"@id\":\"https:\\\/\\\/www.livedeep.tv\\\/web\\\/es\\\/#organization\"},\"image\":{\"@id\":\"https:\\\/\\\/www.livedeep.tv\\\/web\\\/es\\\/2020\\\/07\\\/%f0%9f%8c%b9-meditacion-de-la-manana-para-atraer-alegria-y-felicidad-durante-el-dia\\\/#primaryimage\"},\"thumbnailUrl\":\"https:\\\/\\\/www.livedeep.tv\\\/web\\\/wp-content\\\/uploads\\\/https:\\\/\\\/img.youtube.com\\\/vi\\\/VTMLLUwE5X4\\\/maxresdefault.jpg?\",\"articleSection\":[\"Mundo\"],\"inLanguage\":\"es\",\"potentialAction\":[{\"@type\":\"CommentAction\",\"name\":\"Comment\",\"target\":[\"https:\\\/\\\/www.livedeep.tv\\\/web\\\/es\\\/2020\\\/07\\\/%f0%9f%8c%b9-meditacion-de-la-manana-para-atraer-alegria-y-felicidad-durante-el-dia\\\/#respond\"]}]},{\"@type\":\"WebPage\",\"@id\":\"https:\\\/\\\/www.livedeep.tv\\\/web\\\/es\\\/2020\\\/07\\\/%f0%9f%8c%b9-meditacion-de-la-manana-para-atraer-alegria-y-felicidad-durante-el-dia\\\/\",\"url\":\"https:\\\/\\\/www.livedeep.tv\\\/web\\\/es\\\/2020\\\/07\\\/%f0%9f%8c%b9-meditacion-de-la-manana-para-atraer-alegria-y-felicidad-durante-el-dia\\\/\",\"name\":\"\ud83c\udf39 Meditaci\u00f3n de la Ma\u00f1ana para Atraer Alegr\u00eda y Felicidad Durante el D\u00eda - LiveDEEP.TV\",\"isPartOf\":{\"@id\":\"https:\\\/\\\/www.livedeep.tv\\\/web\\\/es\\\/#website\"},\"primaryImageOfPage\":{\"@id\":\"https:\\\/\\\/www.livedeep.tv\\\/web\\\/es\\\/2020\\\/07\\\/%f0%9f%8c%b9-meditacion-de-la-manana-para-atraer-alegria-y-felicidad-durante-el-dia\\\/#primaryimage\"},\"image\":{\"@id\":\"https:\\\/\\\/www.livedeep.tv\\\/web\\\/es\\\/2020\\\/07\\\/%f0%9f%8c%b9-meditacion-de-la-manana-para-atraer-alegria-y-felicidad-durante-el-dia\\\/#primaryimage\"},\"thumbnailUrl\":\"https:\\\/\\\/www.livedeep.tv\\\/web\\\/wp-content\\\/uploads\\\/https:\\\/\\\/img.youtube.com\\\/vi\\\/VTMLLUwE5X4\\\/maxresdefault.jpg?\",\"datePublished\":\"2020-07-03T04:06:33+00:00\",\"breadcrumb\":{\"@id\":\"https:\\\/\\\/www.livedeep.tv\\\/web\\\/es\\\/2020\\\/07\\\/%f0%9f%8c%b9-meditacion-de-la-manana-para-atraer-alegria-y-felicidad-durante-el-dia\\\/#breadcrumb\"},\"inLanguage\":\"es\",\"potentialAction\":[{\"@type\":\"ReadAction\",\"target\":[\"https:\\\/\\\/www.livedeep.tv\\\/web\\\/es\\\/2020\\\/07\\\/%f0%9f%8c%b9-meditacion-de-la-manana-para-atraer-alegria-y-felicidad-durante-el-dia\\\/\"]}]},{\"@type\":\"ImageObject\",\"inLanguage\":\"es\",\"@id\":\"https:\\\/\\\/www.livedeep.tv\\\/web\\\/es\\\/2020\\\/07\\\/%f0%9f%8c%b9-meditacion-de-la-manana-para-atraer-alegria-y-felicidad-durante-el-dia\\\/#primaryimage\",\"url\":\"https:\\\/\\\/www.livedeep.tv\\\/web\\\/wp-content\\\/uploads\\\/https:\\\/\\\/img.youtube.com\\\/vi\\\/VTMLLUwE5X4\\\/maxresdefault.jpg?\",\"contentUrl\":\"https:\\\/\\\/www.livedeep.tv\\\/web\\\/wp-content\\\/uploads\\\/https:\\\/\\\/img.youtube.com\\\/vi\\\/VTMLLUwE5X4\\\/maxresdefault.jpg?\"},{\"@type\":\"BreadcrumbList\",\"@id\":\"https:\\\/\\\/www.livedeep.tv\\\/web\\\/es\\\/2020\\\/07\\\/%f0%9f%8c%b9-meditacion-de-la-manana-para-atraer-alegria-y-felicidad-durante-el-dia\\\/#breadcrumb\",\"itemListElement\":[{\"@type\":\"ListItem\",\"position\":1,\"name\":\"Home\",\"item\":\"https:\\\/\\\/www.livedeep.tv\\\/web\\\/es\\\/\"},{\"@type\":\"ListItem\",\"position\":2,\"name\":\"\ud83c\udf39 Meditaci\u00f3n de la Ma\u00f1ana para Atraer Alegr\u00eda y Felicidad Durante el D\u00eda\"}]},{\"@type\":\"WebSite\",\"@id\":\"https:\\\/\\\/www.livedeep.tv\\\/web\\\/es\\\/#website\",\"url\":\"https:\\\/\\\/www.livedeep.tv\\\/web\\\/es\\\/\",\"name\":\"LiveDEEP.TV\",\"description\":\"Just another WordPress site\",\"publisher\":{\"@id\":\"https:\\\/\\\/www.livedeep.tv\\\/web\\\/es\\\/#organization\"},\"potentialAction\":[{\"@type\":\"SearchAction\",\"target\":{\"@type\":\"EntryPoint\",\"urlTemplate\":\"https:\\\/\\\/www.livedeep.tv\\\/web\\\/es\\\/?s={search_term_string}\"},\"query-input\":{\"@type\":\"PropertyValueSpecification\",\"valueRequired\":true,\"valueName\":\"search_term_string\"}}],\"inLanguage\":\"es\"},{\"@type\":\"Organization\",\"@id\":\"https:\\\/\\\/www.livedeep.tv\\\/web\\\/es\\\/#organization\",\"name\":\"LiveDEEP.TV\",\"url\":\"https:\\\/\\\/www.livedeep.tv\\\/web\\\/es\\\/\",\"logo\":{\"@type\":\"ImageObject\",\"inLanguage\":\"es\",\"@id\":\"https:\\\/\\\/www.livedeep.tv\\\/web\\\/es\\\/#\\\/schema\\\/logo\\\/image\\\/\",\"url\":\"https:\\\/\\\/www.livedeep.tv\\\/web\\\/wp-content\\\/uploads\\\/2019\\\/10\\\/lvd-uplogoretina.png\",\"contentUrl\":\"https:\\\/\\\/www.livedeep.tv\\\/web\\\/wp-content\\\/uploads\\\/2019\\\/10\\\/lvd-uplogoretina.png\",\"width\":544,\"height\":173,\"caption\":\"LiveDEEP.TV\"},\"image\":{\"@id\":\"https:\\\/\\\/www.livedeep.tv\\\/web\\\/es\\\/#\\\/schema\\\/logo\\\/image\\\/\"}},{\"@type\":\"Person\",\"@id\":\"https:\\\/\\\/www.livedeep.tv\\\/web\\\/es\\\/#\\\/schema\\\/person\\\/0578354f0a78cc36dbf665f7a5f47946\",\"name\":\"LvDP.TV Synthetintelligence\u2122\",\"image\":{\"@type\":\"ImageObject\",\"inLanguage\":\"es\",\"@id\":\"https:\\\/\\\/www.livedeep.tv\\\/web\\\/wp-content\\\/uploads\\\/avatars\\\/1\\\/5d9525a1f239d-bpfull.jpg3d90d9a792288d4099044e0f9c3bf9c0\",\"url\":\"https:\\\/\\\/www.livedeep.tv\\\/web\\\/wp-content\\\/uploads\\\/avatars\\\/1\\\/5d9525a1f239d-bpfull.jpg\",\"contentUrl\":\"https:\\\/\\\/www.livedeep.tv\\\/web\\\/wp-content\\\/uploads\\\/avatars\\\/1\\\/5d9525a1f239d-bpfull.jpg\",\"caption\":\"LvDP.TV Synthetintelligence\u2122\"},\"description\":\"Any info about our website, please let me know. Thanks.\",\"sameAs\":[\"https:\\\/\\\/www.livedeep.tv\"],\"url\":\"https:\\\/\\\/www.livedeep.tv\\\/web\\\/es\\\/author\\\/infolivedeep-tv\\\/\"}]}<\/script>\n<!-- \/ Yoast SEO Premium plugin. -->","yoast_head_json":{"title":"\ud83c\udf39 Meditaci\u00f3n de la Ma\u00f1ana para Atraer Alegr\u00eda y Felicidad Durante el D\u00eda - LiveDEEP.TV","robots":{"index":"index","follow":"follow","max-snippet":"max-snippet:-1","max-image-preview":"max-image-preview:large","max-video-preview":"max-video-preview:-1"},"canonical":"https:\/\/www.livedeep.tv\/web\/es\/2020\/07\/\ud83c\udf39-meditacion-de-la-manana-para-atraer-alegria-y-felicidad-durante-el-dia\/","og_locale":"es_ES","og_type":"article","og_title":"\ud83c\udf39 Meditaci\u00f3n de la Ma\u00f1ana para Atraer Alegr\u00eda y Felicidad Durante el D\u00eda","og_description":"Meditaci\u00f3n guiada de la ma\u00f1ana para empezar el d\u00eda con energ\u00eda positiva, relajaci\u00f3n y calma mental. Una meditaci\u00f3n mindfulness guiada para calmar la mente y atraer felicidad a lo largo del d\u00eda. Meditaci\u00f3n matinal para escuchar todas las ma\u00f1anas. Buenos y preciosos d\u00edas! Hoy os he preparado una clase de meditaci\u00f3n guiada para hacer por &hellip;","og_url":"https:\/\/www.livedeep.tv\/web\/es\/2020\/07\/\ud83c\udf39-meditacion-de-la-manana-para-atraer-alegria-y-felicidad-durante-el-dia\/","og_site_name":"LiveDEEP.TV","article_published_time":"2020-07-03T04:06:33+00:00","og_image":[{"url":"https:\/\/img.youtube.com\/vi\/VTMLLUwE5X4\/maxresdefault.jpg?","type":"","width":"","height":""},{"width":1280,"height":720,"url":"https:\/\/img.youtube.com\/vi\/VTMLLUwE5X4\/maxresdefault.jpg?","type":"image\/jpeg"}],"author":"LvDP.TV Synthetintelligence\u2122","twitter_card":"summary_large_image","twitter_image":"https:\/\/img.youtube.com\/vi\/VTMLLUwE5X4\/maxresdefault.jpg?","twitter_misc":{"Escrito por":"LvDP.TV Synthetintelligence\u2122","Tiempo de lectura":"3 minutos","Written by":"LvDP.TV Synthetintelligence\u2122"},"schema":{"@context":"https:\/\/schema.org","@graph":[{"@type":"Article","@id":"https:\/\/www.livedeep.tv\/web\/es\/2020\/07\/%f0%9f%8c%b9-meditacion-de-la-manana-para-atraer-alegria-y-felicidad-durante-el-dia\/#article","isPartOf":{"@id":"https:\/\/www.livedeep.tv\/web\/es\/2020\/07\/%f0%9f%8c%b9-meditacion-de-la-manana-para-atraer-alegria-y-felicidad-durante-el-dia\/"},"author":{"name":"LvDP.TV Synthetintelligence\u2122","@id":"https:\/\/www.livedeep.tv\/web\/es\/#\/schema\/person\/0578354f0a78cc36dbf665f7a5f47946"},"headline":"\ud83c\udf39 Meditaci\u00f3n de la Ma\u00f1ana para Atraer Alegr\u00eda y Felicidad Durante el D\u00eda","datePublished":"2020-07-03T04:06:33+00:00","mainEntityOfPage":{"@id":"https:\/\/www.livedeep.tv\/web\/es\/2020\/07\/%f0%9f%8c%b9-meditacion-de-la-manana-para-atraer-alegria-y-felicidad-durante-el-dia\/"},"wordCount":589,"commentCount":0,"publisher":{"@id":"https:\/\/www.livedeep.tv\/web\/es\/#organization"},"image":{"@id":"https:\/\/www.livedeep.tv\/web\/es\/2020\/07\/%f0%9f%8c%b9-meditacion-de-la-manana-para-atraer-alegria-y-felicidad-durante-el-dia\/#primaryimage"},"thumbnailUrl":"https:\/\/www.livedeep.tv\/web\/wp-content\/uploads\/https:\/\/img.youtube.com\/vi\/VTMLLUwE5X4\/maxresdefault.jpg?","articleSection":["Mundo"],"inLanguage":"es","potentialAction":[{"@type":"CommentAction","name":"Comment","target":["https:\/\/www.livedeep.tv\/web\/es\/2020\/07\/%f0%9f%8c%b9-meditacion-de-la-manana-para-atraer-alegria-y-felicidad-durante-el-dia\/#respond"]}]},{"@type":"WebPage","@id":"https:\/\/www.livedeep.tv\/web\/es\/2020\/07\/%f0%9f%8c%b9-meditacion-de-la-manana-para-atraer-alegria-y-felicidad-durante-el-dia\/","url":"https:\/\/www.livedeep.tv\/web\/es\/2020\/07\/%f0%9f%8c%b9-meditacion-de-la-manana-para-atraer-alegria-y-felicidad-durante-el-dia\/","name":"\ud83c\udf39 Meditaci\u00f3n de la Ma\u00f1ana para Atraer Alegr\u00eda y Felicidad Durante el D\u00eda - LiveDEEP.TV","isPartOf":{"@id":"https:\/\/www.livedeep.tv\/web\/es\/#website"},"primaryImageOfPage":{"@id":"https:\/\/www.livedeep.tv\/web\/es\/2020\/07\/%f0%9f%8c%b9-meditacion-de-la-manana-para-atraer-alegria-y-felicidad-durante-el-dia\/#primaryimage"},"image":{"@id":"https:\/\/www.livedeep.tv\/web\/es\/2020\/07\/%f0%9f%8c%b9-meditacion-de-la-manana-para-atraer-alegria-y-felicidad-durante-el-dia\/#primaryimage"},"thumbnailUrl":"https:\/\/www.livedeep.tv\/web\/wp-content\/uploads\/https:\/\/img.youtube.com\/vi\/VTMLLUwE5X4\/maxresdefault.jpg?","datePublished":"2020-07-03T04:06:33+00:00","breadcrumb":{"@id":"https:\/\/www.livedeep.tv\/web\/es\/2020\/07\/%f0%9f%8c%b9-meditacion-de-la-manana-para-atraer-alegria-y-felicidad-durante-el-dia\/#breadcrumb"},"inLanguage":"es","potentialAction":[{"@type":"ReadAction","target":["https:\/\/www.livedeep.tv\/web\/es\/2020\/07\/%f0%9f%8c%b9-meditacion-de-la-manana-para-atraer-alegria-y-felicidad-durante-el-dia\/"]}]},{"@type":"ImageObject","inLanguage":"es","@id":"https:\/\/www.livedeep.tv\/web\/es\/2020\/07\/%f0%9f%8c%b9-meditacion-de-la-manana-para-atraer-alegria-y-felicidad-durante-el-dia\/#primaryimage","url":"https:\/\/www.livedeep.tv\/web\/wp-content\/uploads\/https:\/\/img.youtube.com\/vi\/VTMLLUwE5X4\/maxresdefault.jpg?","contentUrl":"https:\/\/www.livedeep.tv\/web\/wp-content\/uploads\/https:\/\/img.youtube.com\/vi\/VTMLLUwE5X4\/maxresdefault.jpg?"},{"@type":"BreadcrumbList","@id":"https:\/\/www.livedeep.tv\/web\/es\/2020\/07\/%f0%9f%8c%b9-meditacion-de-la-manana-para-atraer-alegria-y-felicidad-durante-el-dia\/#breadcrumb","itemListElement":[{"@type":"ListItem","position":1,"name":"Home","item":"https:\/\/www.livedeep.tv\/web\/es\/"},{"@type":"ListItem","position":2,"name":"\ud83c\udf39 Meditaci\u00f3n de la Ma\u00f1ana para Atraer Alegr\u00eda y Felicidad Durante el D\u00eda"}]},{"@type":"WebSite","@id":"https:\/\/www.livedeep.tv\/web\/es\/#website","url":"https:\/\/www.livedeep.tv\/web\/es\/","name":"LiveDEEP.TV","description":"Just another WordPress site","publisher":{"@id":"https:\/\/www.livedeep.tv\/web\/es\/#organization"},"potentialAction":[{"@type":"SearchAction","target":{"@type":"EntryPoint","urlTemplate":"https:\/\/www.livedeep.tv\/web\/es\/?s={search_term_string}"},"query-input":{"@type":"PropertyValueSpecification","valueRequired":true,"valueName":"search_term_string"}}],"inLanguage":"es"},{"@type":"Organization","@id":"https:\/\/www.livedeep.tv\/web\/es\/#organization","name":"LiveDEEP.TV","url":"https:\/\/www.livedeep.tv\/web\/es\/","logo":{"@type":"ImageObject","inLanguage":"es","@id":"https:\/\/www.livedeep.tv\/web\/es\/#\/schema\/logo\/image\/","url":"https:\/\/www.livedeep.tv\/web\/wp-content\/uploads\/2019\/10\/lvd-uplogoretina.png","contentUrl":"https:\/\/www.livedeep.tv\/web\/wp-content\/uploads\/2019\/10\/lvd-uplogoretina.png","width":544,"height":173,"caption":"LiveDEEP.TV"},"image":{"@id":"https:\/\/www.livedeep.tv\/web\/es\/#\/schema\/logo\/image\/"}},{"@type":"Person","@id":"https:\/\/www.livedeep.tv\/web\/es\/#\/schema\/person\/0578354f0a78cc36dbf665f7a5f47946","name":"LvDP.TV Synthetintelligence\u2122","image":{"@type":"ImageObject","inLanguage":"es","@id":"https:\/\/www.livedeep.tv\/web\/wp-content\/uploads\/avatars\/1\/5d9525a1f239d-bpfull.jpg3d90d9a792288d4099044e0f9c3bf9c0","url":"https:\/\/www.livedeep.tv\/web\/wp-content\/uploads\/avatars\/1\/5d9525a1f239d-bpfull.jpg","contentUrl":"https:\/\/www.livedeep.tv\/web\/wp-content\/uploads\/avatars\/1\/5d9525a1f239d-bpfull.jpg","caption":"LvDP.TV Synthetintelligence\u2122"},"description":"Any info about our website, please let me know. Thanks.","sameAs":["https:\/\/www.livedeep.tv"],"url":"https:\/\/www.livedeep.tv\/web\/es\/author\/infolivedeep-tv\/"}]}},"amp_enabled":true,"fifu_video_url":"https:\/\/www.youtube.com\/embed\/VTMLLUwE5X4","_links":{"self":[{"href":"https:\/\/www.livedeep.tv\/web\/es\/wp-json\/wp\/v2\/posts\/11197","targetHints":{"allow":["GET"]}}],"collection":[{"href":"https:\/\/www.livedeep.tv\/web\/es\/wp-json\/wp\/v2\/posts"}],"about":[{"href":"https:\/\/www.livedeep.tv\/web\/es\/wp-json\/wp\/v2\/types\/post"}],"author":[{"embeddable":true,"href":"https:\/\/www.livedeep.tv\/web\/es\/wp-json\/wp\/v2\/users\/1"}],"replies":[{"embeddable":true,"href":"https:\/\/www.livedeep.tv\/web\/es\/wp-json\/wp\/v2\/comments?post=11197"}],"version-history":[{"count":0,"href":"https:\/\/www.livedeep.tv\/web\/es\/wp-json\/wp\/v2\/posts\/11197\/revisions"}],"wp:featuredmedia":[{"embeddable":true,"href":"https:\/\/www.livedeep.tv\/web\/es\/wp-json\/wp\/v2\/media\/334556"}],"wp:attachment":[{"href":"https:\/\/www.livedeep.tv\/web\/es\/wp-json\/wp\/v2\/media?parent=11197"}],"wp:term":[{"taxonomy":"category","embeddable":true,"href":"https:\/\/www.livedeep.tv\/web\/es\/wp-json\/wp\/v2\/categories?post=11197"},{"taxonomy":"post_tag","embeddable":true,"href":"https:\/\/www.livedeep.tv\/web\/es\/wp-json\/wp\/v2\/tags?post=11197"},{"taxonomy":"author","embeddable":true,"href":"https:\/\/www.livedeep.tv\/web\/es\/wp-json\/wp\/v2\/coauthors?post=11197"}],"curies":[{"name":"wp","href":"https:\/\/api.w.org\/{rel}","templated":true}]}}