{"id":11163,"date":"2020-07-02T09:06:18","date_gmt":"2020-07-02T16:06:18","guid":{"rendered":"https:\/\/www.livedeep.tv\/2020\/07\/el-dia-mas-triste-marco-antonio-solis\/"},"modified":"2020-07-02T09:06:18","modified_gmt":"2020-07-02T16:06:18","slug":"el-dia-mas-triste-marco-antonio-solis","status":"publish","type":"post","link":"https:\/\/www.livedeep.tv\/web\/es\/2020\/07\/el-dia-mas-triste-marco-antonio-solis\/","title":{"rendered":"El d\u00eda m\u00e1s triste &#8211; Marco Antonio Sol\u00eds"},"content":{"rendered":"<p><iframe loading=\"lazy\"  width=\"580\" height=\"385\" src=\"https:\/\/www.youtube.com\/embed\/1vUMBiCgQP4?rel=0&#038;modestbranding=1\" frameborder=\"0\" allowfullscreen><\/iframe><br \/>\n<br \/>El d\u00eda m\u00e1s triste &#8211; Marco Antonio Sol\u00eds<\/p>\n<p>Letra:<\/p>\n<p>No s\u00e9 por qu\u00e9 no fuiste sincera.<br \/>\nDejaste que yo m\u00e1s te quisiera<br \/>\nY segu\u00ed entreg\u00e1ndote todo el coraz\u00f3n para que en m\u00ed tuvieras amor y comprensi\u00f3n<br \/>\nCuando todo era m\u00e1s bonito, vi por fin lo triste de mi suerte<br \/>\nMe sent\u00ed morir al ver que t\u00fa eras de \u00e9l, y hoy yo te necesito<br \/>\nte acabo de perder.<\/p>\n<p>\u00a1\u00a1Me hiciste sentir por ti amado!!<br \/>\nY sab\u00edas que todo me ten\u00edas&#8230;<br \/>\nNo mediste el da\u00f1o que me hac\u00edas<br \/>\nMira lo que han hecho tus mentiras<br \/>\nMe has dejado el pecho destrozado.<\/p>\n<p>Este es para m\u00ed el d\u00eda m\u00e1s triste, pues nunca esper\u00e9 lo que me hiciste<br \/>\nCre\u00ed que esta vez hab\u00eda encontrado<br \/>\nEse amor por m\u00ed tan esperado<br \/>\nPero tambi\u00e9n fui por ti burlado.<\/p>\n<p>(\u00bfPor qu\u00e9? \u00bfPor qu\u00e9 tuvo que ser as\u00ed? A tu modo. Despu\u00e9s de tanto amor, de tanto&#8230; Todo. \u00bfPor qu\u00e9 me matas siempre que me miras? \u00bfPor qu\u00e9 llevaste al fondo as\u00ed mi vida? Si yo nunca te enga\u00f1\u00e9, nunca, como t\u00fa lo has hecho hoy  con tus mentiras.)<\/p>\n<p>Este es para m\u00ed el d\u00eda m\u00e1s triste, pues nunca esper\u00e9 lo que me hiciste<br \/>\nCre\u00ed que esta vez hab\u00eda encontrado&#8230;<br \/>\nEse amor por m\u00ed tan esperado<br \/>\nPero tambi\u00e9n fui por ti burlado&#8230;<\/p>\n<p>Fin.<br \/>\n<br \/><a href=\"https:\/\/www.youtube.com\/watch?v=1vUMBiCgQP4\">source<\/a><\/p>\n","protected":false},"excerpt":{"rendered":"<p>El d\u00eda m\u00e1s triste &#8211; Marco Antonio Sol\u00eds Letra: No s\u00e9 por qu\u00e9 no fuiste sincera. Dejaste que yo m\u00e1s te quisiera Y segu\u00ed entreg\u00e1ndote todo el coraz\u00f3n para que en m\u00ed tuvieras amor y comprensi\u00f3n Cuando todo era m\u00e1s bonito, vi por fin lo triste de mi suerte Me sent\u00ed morir al ver que &hellip;<\/p>\n","protected":false},"author":1,"featured_media":334541,"comment_status":"open","ping_status":"closed","sticky":false,"template":"","format":"standard","meta":{"footnotes":""},"categories":[122],"tags":[],"coauthors":[62],"class_list":["post-11163","post","type-post","status-publish","format-standard","has-post-thumbnail","hentry","category-estilo-de-vida"],"yoast_head":"<!-- This site is optimized with the Yoast SEO Premium plugin v26.6 (Yoast SEO v27.5) - https:\/\/yoast.com\/product\/yoast-seo-premium-wordpress\/ -->\n<title>El d\u00eda m\u00e1s triste - Marco Antonio Sol\u00eds - LiveDEEP.TV<\/title>\n<meta name=\"robots\" content=\"index, follow, max-snippet:-1, max-image-preview:large, max-video-preview:-1\" \/>\n<link rel=\"canonical\" href=\"https:\/\/www.livedeep.tv\/web\/es\/2020\/07\/el-dia-mas-triste-marco-antonio-solis\/\" \/>\n<meta property=\"og:locale\" content=\"es_ES\" \/>\n<meta property=\"og:type\" content=\"article\" \/>\n<meta property=\"og:title\" content=\"El d\u00eda m\u00e1s triste - Marco Antonio Sol\u00eds\" \/>\n<meta property=\"og:description\" content=\"El d\u00eda m\u00e1s triste &#8211; Marco Antonio Sol\u00eds Letra: No s\u00e9 por qu\u00e9 no fuiste sincera. Dejaste que yo m\u00e1s te quisiera Y segu\u00ed entreg\u00e1ndote todo el coraz\u00f3n para que en m\u00ed tuvieras amor y comprensi\u00f3n Cuando todo era m\u00e1s bonito, vi por fin lo triste de mi suerte Me sent\u00ed morir al ver que &hellip;\" \/>\n<meta property=\"og:url\" content=\"https:\/\/www.livedeep.tv\/web\/es\/2020\/07\/el-dia-mas-triste-marco-antonio-solis\/\" \/>\n<meta property=\"og:site_name\" content=\"LiveDEEP.TV\" \/>\n<meta property=\"article:published_time\" content=\"2020-07-02T16:06:18+00:00\" \/>\n<meta property=\"og:image\" content=\"https:\/\/img.youtube.com\/vi\/1vUMBiCgQP4\/maxresdefault.jpg?\" \/><meta property=\"og:image\" content=\"https:\/\/img.youtube.com\/vi\/1vUMBiCgQP4\/maxresdefault.jpg?\" \/>\n\t<meta property=\"og:image:width\" content=\"1280\" \/>\n\t<meta property=\"og:image:height\" content=\"720\" \/>\n\t<meta property=\"og:image:type\" content=\"image\/jpeg\" \/>\n<meta name=\"author\" content=\"LvDP.TV Synthetintelligence\u2122\" \/>\n<meta name=\"twitter:card\" content=\"summary_large_image\" \/>\n<meta name=\"twitter:image\" content=\"https:\/\/img.youtube.com\/vi\/1vUMBiCgQP4\/maxresdefault.jpg?\" \/>\n<meta name=\"twitter:label1\" content=\"Escrito por\" \/>\n\t<meta name=\"twitter:data1\" content=\"LvDP.TV Synthetintelligence\u2122\" \/>\n\t<meta name=\"twitter:label2\" content=\"Tiempo de lectura\" \/>\n\t<meta name=\"twitter:data2\" content=\"1 minuto\" \/>\n\t<meta name=\"twitter:label3\" content=\"Written by\" \/>\n\t<meta name=\"twitter:data3\" content=\"LvDP.TV Synthetintelligence\u2122\" \/>\n<script type=\"application\/ld+json\" class=\"yoast-schema-graph\">{\"@context\":\"https:\\\/\\\/schema.org\",\"@graph\":[{\"@type\":\"Article\",\"@id\":\"https:\\\/\\\/www.livedeep.tv\\\/web\\\/es\\\/2020\\\/07\\\/el-dia-mas-triste-marco-antonio-solis\\\/#article\",\"isPartOf\":{\"@id\":\"https:\\\/\\\/www.livedeep.tv\\\/web\\\/es\\\/2020\\\/07\\\/el-dia-mas-triste-marco-antonio-solis\\\/\"},\"author\":{\"name\":\"LvDP.TV Synthetintelligence\u2122\",\"@id\":\"https:\\\/\\\/www.livedeep.tv\\\/web\\\/es\\\/#\\\/schema\\\/person\\\/0578354f0a78cc36dbf665f7a5f47946\"},\"headline\":\"El d\u00eda m\u00e1s triste &#8211; Marco Antonio Sol\u00eds\",\"datePublished\":\"2020-07-02T16:06:18+00:00\",\"mainEntityOfPage\":{\"@id\":\"https:\\\/\\\/www.livedeep.tv\\\/web\\\/es\\\/2020\\\/07\\\/el-dia-mas-triste-marco-antonio-solis\\\/\"},\"wordCount\":249,\"commentCount\":0,\"publisher\":{\"@id\":\"https:\\\/\\\/www.livedeep.tv\\\/web\\\/es\\\/#organization\"},\"image\":{\"@id\":\"https:\\\/\\\/www.livedeep.tv\\\/web\\\/es\\\/2020\\\/07\\\/el-dia-mas-triste-marco-antonio-solis\\\/#primaryimage\"},\"thumbnailUrl\":\"https:\\\/\\\/www.livedeep.tv\\\/web\\\/wp-content\\\/uploads\\\/https:\\\/\\\/img.youtube.com\\\/vi\\\/1vUMBiCgQP4\\\/maxresdefault.jpg?\",\"articleSection\":[\"Estilo de Vida\"],\"inLanguage\":\"es\",\"potentialAction\":[{\"@type\":\"CommentAction\",\"name\":\"Comment\",\"target\":[\"https:\\\/\\\/www.livedeep.tv\\\/web\\\/es\\\/2020\\\/07\\\/el-dia-mas-triste-marco-antonio-solis\\\/#respond\"]}]},{\"@type\":\"WebPage\",\"@id\":\"https:\\\/\\\/www.livedeep.tv\\\/web\\\/es\\\/2020\\\/07\\\/el-dia-mas-triste-marco-antonio-solis\\\/\",\"url\":\"https:\\\/\\\/www.livedeep.tv\\\/web\\\/es\\\/2020\\\/07\\\/el-dia-mas-triste-marco-antonio-solis\\\/\",\"name\":\"El d\u00eda m\u00e1s triste - Marco Antonio Sol\u00eds - LiveDEEP.TV\",\"isPartOf\":{\"@id\":\"https:\\\/\\\/www.livedeep.tv\\\/web\\\/es\\\/#website\"},\"primaryImageOfPage\":{\"@id\":\"https:\\\/\\\/www.livedeep.tv\\\/web\\\/es\\\/2020\\\/07\\\/el-dia-mas-triste-marco-antonio-solis\\\/#primaryimage\"},\"image\":{\"@id\":\"https:\\\/\\\/www.livedeep.tv\\\/web\\\/es\\\/2020\\\/07\\\/el-dia-mas-triste-marco-antonio-solis\\\/#primaryimage\"},\"thumbnailUrl\":\"https:\\\/\\\/www.livedeep.tv\\\/web\\\/wp-content\\\/uploads\\\/https:\\\/\\\/img.youtube.com\\\/vi\\\/1vUMBiCgQP4\\\/maxresdefault.jpg?\",\"datePublished\":\"2020-07-02T16:06:18+00:00\",\"breadcrumb\":{\"@id\":\"https:\\\/\\\/www.livedeep.tv\\\/web\\\/es\\\/2020\\\/07\\\/el-dia-mas-triste-marco-antonio-solis\\\/#breadcrumb\"},\"inLanguage\":\"es\",\"potentialAction\":[{\"@type\":\"ReadAction\",\"target\":[\"https:\\\/\\\/www.livedeep.tv\\\/web\\\/es\\\/2020\\\/07\\\/el-dia-mas-triste-marco-antonio-solis\\\/\"]}]},{\"@type\":\"ImageObject\",\"inLanguage\":\"es\",\"@id\":\"https:\\\/\\\/www.livedeep.tv\\\/web\\\/es\\\/2020\\\/07\\\/el-dia-mas-triste-marco-antonio-solis\\\/#primaryimage\",\"url\":\"https:\\\/\\\/www.livedeep.tv\\\/web\\\/wp-content\\\/uploads\\\/https:\\\/\\\/img.youtube.com\\\/vi\\\/1vUMBiCgQP4\\\/maxresdefault.jpg?\",\"contentUrl\":\"https:\\\/\\\/www.livedeep.tv\\\/web\\\/wp-content\\\/uploads\\\/https:\\\/\\\/img.youtube.com\\\/vi\\\/1vUMBiCgQP4\\\/maxresdefault.jpg?\"},{\"@type\":\"BreadcrumbList\",\"@id\":\"https:\\\/\\\/www.livedeep.tv\\\/web\\\/es\\\/2020\\\/07\\\/el-dia-mas-triste-marco-antonio-solis\\\/#breadcrumb\",\"itemListElement\":[{\"@type\":\"ListItem\",\"position\":1,\"name\":\"Home\",\"item\":\"https:\\\/\\\/www.livedeep.tv\\\/web\\\/es\\\/\"},{\"@type\":\"ListItem\",\"position\":2,\"name\":\"El d\u00eda m\u00e1s triste &#8211; Marco Antonio Sol\u00eds\"}]},{\"@type\":\"WebSite\",\"@id\":\"https:\\\/\\\/www.livedeep.tv\\\/web\\\/es\\\/#website\",\"url\":\"https:\\\/\\\/www.livedeep.tv\\\/web\\\/es\\\/\",\"name\":\"LiveDEEP.TV\",\"description\":\"Just another WordPress site\",\"publisher\":{\"@id\":\"https:\\\/\\\/www.livedeep.tv\\\/web\\\/es\\\/#organization\"},\"potentialAction\":[{\"@type\":\"SearchAction\",\"target\":{\"@type\":\"EntryPoint\",\"urlTemplate\":\"https:\\\/\\\/www.livedeep.tv\\\/web\\\/es\\\/?s={search_term_string}\"},\"query-input\":{\"@type\":\"PropertyValueSpecification\",\"valueRequired\":true,\"valueName\":\"search_term_string\"}}],\"inLanguage\":\"es\"},{\"@type\":\"Organization\",\"@id\":\"https:\\\/\\\/www.livedeep.tv\\\/web\\\/es\\\/#organization\",\"name\":\"LiveDEEP.TV\",\"url\":\"https:\\\/\\\/www.livedeep.tv\\\/web\\\/es\\\/\",\"logo\":{\"@type\":\"ImageObject\",\"inLanguage\":\"es\",\"@id\":\"https:\\\/\\\/www.livedeep.tv\\\/web\\\/es\\\/#\\\/schema\\\/logo\\\/image\\\/\",\"url\":\"https:\\\/\\\/www.livedeep.tv\\\/web\\\/wp-content\\\/uploads\\\/2019\\\/10\\\/lvd-uplogoretina.png\",\"contentUrl\":\"https:\\\/\\\/www.livedeep.tv\\\/web\\\/wp-content\\\/uploads\\\/2019\\\/10\\\/lvd-uplogoretina.png\",\"width\":544,\"height\":173,\"caption\":\"LiveDEEP.TV\"},\"image\":{\"@id\":\"https:\\\/\\\/www.livedeep.tv\\\/web\\\/es\\\/#\\\/schema\\\/logo\\\/image\\\/\"}},{\"@type\":\"Person\",\"@id\":\"https:\\\/\\\/www.livedeep.tv\\\/web\\\/es\\\/#\\\/schema\\\/person\\\/0578354f0a78cc36dbf665f7a5f47946\",\"name\":\"LvDP.TV Synthetintelligence\u2122\",\"image\":{\"@type\":\"ImageObject\",\"inLanguage\":\"es\",\"@id\":\"https:\\\/\\\/www.livedeep.tv\\\/web\\\/wp-content\\\/uploads\\\/avatars\\\/1\\\/5d9525a1f239d-bpfull.jpg3d90d9a792288d4099044e0f9c3bf9c0\",\"url\":\"https:\\\/\\\/www.livedeep.tv\\\/web\\\/wp-content\\\/uploads\\\/avatars\\\/1\\\/5d9525a1f239d-bpfull.jpg\",\"contentUrl\":\"https:\\\/\\\/www.livedeep.tv\\\/web\\\/wp-content\\\/uploads\\\/avatars\\\/1\\\/5d9525a1f239d-bpfull.jpg\",\"caption\":\"LvDP.TV Synthetintelligence\u2122\"},\"description\":\"Any info about our website, please let me know. Thanks.\",\"sameAs\":[\"https:\\\/\\\/www.livedeep.tv\"],\"url\":\"https:\\\/\\\/www.livedeep.tv\\\/web\\\/es\\\/author\\\/infolivedeep-tv\\\/\"}]}<\/script>\n<!-- \/ Yoast SEO Premium plugin. -->","yoast_head_json":{"title":"El d\u00eda m\u00e1s triste - Marco Antonio Sol\u00eds - LiveDEEP.TV","robots":{"index":"index","follow":"follow","max-snippet":"max-snippet:-1","max-image-preview":"max-image-preview:large","max-video-preview":"max-video-preview:-1"},"canonical":"https:\/\/www.livedeep.tv\/web\/es\/2020\/07\/el-dia-mas-triste-marco-antonio-solis\/","og_locale":"es_ES","og_type":"article","og_title":"El d\u00eda m\u00e1s triste - Marco Antonio Sol\u00eds","og_description":"El d\u00eda m\u00e1s triste &#8211; Marco Antonio Sol\u00eds Letra: No s\u00e9 por qu\u00e9 no fuiste sincera. Dejaste que yo m\u00e1s te quisiera Y segu\u00ed entreg\u00e1ndote todo el coraz\u00f3n para que en m\u00ed tuvieras amor y comprensi\u00f3n Cuando todo era m\u00e1s bonito, vi por fin lo triste de mi suerte Me sent\u00ed morir al ver que &hellip;","og_url":"https:\/\/www.livedeep.tv\/web\/es\/2020\/07\/el-dia-mas-triste-marco-antonio-solis\/","og_site_name":"LiveDEEP.TV","article_published_time":"2020-07-02T16:06:18+00:00","og_image":[{"url":"https:\/\/img.youtube.com\/vi\/1vUMBiCgQP4\/maxresdefault.jpg?","type":"","width":"","height":""},{"width":1280,"height":720,"url":"https:\/\/img.youtube.com\/vi\/1vUMBiCgQP4\/maxresdefault.jpg?","type":"image\/jpeg"}],"author":"LvDP.TV Synthetintelligence\u2122","twitter_card":"summary_large_image","twitter_image":"https:\/\/img.youtube.com\/vi\/1vUMBiCgQP4\/maxresdefault.jpg?","twitter_misc":{"Escrito por":"LvDP.TV Synthetintelligence\u2122","Tiempo de lectura":"1 minuto","Written by":"LvDP.TV Synthetintelligence\u2122"},"schema":{"@context":"https:\/\/schema.org","@graph":[{"@type":"Article","@id":"https:\/\/www.livedeep.tv\/web\/es\/2020\/07\/el-dia-mas-triste-marco-antonio-solis\/#article","isPartOf":{"@id":"https:\/\/www.livedeep.tv\/web\/es\/2020\/07\/el-dia-mas-triste-marco-antonio-solis\/"},"author":{"name":"LvDP.TV Synthetintelligence\u2122","@id":"https:\/\/www.livedeep.tv\/web\/es\/#\/schema\/person\/0578354f0a78cc36dbf665f7a5f47946"},"headline":"El d\u00eda m\u00e1s triste &#8211; Marco Antonio Sol\u00eds","datePublished":"2020-07-02T16:06:18+00:00","mainEntityOfPage":{"@id":"https:\/\/www.livedeep.tv\/web\/es\/2020\/07\/el-dia-mas-triste-marco-antonio-solis\/"},"wordCount":249,"commentCount":0,"publisher":{"@id":"https:\/\/www.livedeep.tv\/web\/es\/#organization"},"image":{"@id":"https:\/\/www.livedeep.tv\/web\/es\/2020\/07\/el-dia-mas-triste-marco-antonio-solis\/#primaryimage"},"thumbnailUrl":"https:\/\/www.livedeep.tv\/web\/wp-content\/uploads\/https:\/\/img.youtube.com\/vi\/1vUMBiCgQP4\/maxresdefault.jpg?","articleSection":["Estilo de Vida"],"inLanguage":"es","potentialAction":[{"@type":"CommentAction","name":"Comment","target":["https:\/\/www.livedeep.tv\/web\/es\/2020\/07\/el-dia-mas-triste-marco-antonio-solis\/#respond"]}]},{"@type":"WebPage","@id":"https:\/\/www.livedeep.tv\/web\/es\/2020\/07\/el-dia-mas-triste-marco-antonio-solis\/","url":"https:\/\/www.livedeep.tv\/web\/es\/2020\/07\/el-dia-mas-triste-marco-antonio-solis\/","name":"El d\u00eda m\u00e1s triste - Marco Antonio Sol\u00eds - LiveDEEP.TV","isPartOf":{"@id":"https:\/\/www.livedeep.tv\/web\/es\/#website"},"primaryImageOfPage":{"@id":"https:\/\/www.livedeep.tv\/web\/es\/2020\/07\/el-dia-mas-triste-marco-antonio-solis\/#primaryimage"},"image":{"@id":"https:\/\/www.livedeep.tv\/web\/es\/2020\/07\/el-dia-mas-triste-marco-antonio-solis\/#primaryimage"},"thumbnailUrl":"https:\/\/www.livedeep.tv\/web\/wp-content\/uploads\/https:\/\/img.youtube.com\/vi\/1vUMBiCgQP4\/maxresdefault.jpg?","datePublished":"2020-07-02T16:06:18+00:00","breadcrumb":{"@id":"https:\/\/www.livedeep.tv\/web\/es\/2020\/07\/el-dia-mas-triste-marco-antonio-solis\/#breadcrumb"},"inLanguage":"es","potentialAction":[{"@type":"ReadAction","target":["https:\/\/www.livedeep.tv\/web\/es\/2020\/07\/el-dia-mas-triste-marco-antonio-solis\/"]}]},{"@type":"ImageObject","inLanguage":"es","@id":"https:\/\/www.livedeep.tv\/web\/es\/2020\/07\/el-dia-mas-triste-marco-antonio-solis\/#primaryimage","url":"https:\/\/www.livedeep.tv\/web\/wp-content\/uploads\/https:\/\/img.youtube.com\/vi\/1vUMBiCgQP4\/maxresdefault.jpg?","contentUrl":"https:\/\/www.livedeep.tv\/web\/wp-content\/uploads\/https:\/\/img.youtube.com\/vi\/1vUMBiCgQP4\/maxresdefault.jpg?"},{"@type":"BreadcrumbList","@id":"https:\/\/www.livedeep.tv\/web\/es\/2020\/07\/el-dia-mas-triste-marco-antonio-solis\/#breadcrumb","itemListElement":[{"@type":"ListItem","position":1,"name":"Home","item":"https:\/\/www.livedeep.tv\/web\/es\/"},{"@type":"ListItem","position":2,"name":"El d\u00eda m\u00e1s triste &#8211; Marco Antonio Sol\u00eds"}]},{"@type":"WebSite","@id":"https:\/\/www.livedeep.tv\/web\/es\/#website","url":"https:\/\/www.livedeep.tv\/web\/es\/","name":"LiveDEEP.TV","description":"Just another WordPress site","publisher":{"@id":"https:\/\/www.livedeep.tv\/web\/es\/#organization"},"potentialAction":[{"@type":"SearchAction","target":{"@type":"EntryPoint","urlTemplate":"https:\/\/www.livedeep.tv\/web\/es\/?s={search_term_string}"},"query-input":{"@type":"PropertyValueSpecification","valueRequired":true,"valueName":"search_term_string"}}],"inLanguage":"es"},{"@type":"Organization","@id":"https:\/\/www.livedeep.tv\/web\/es\/#organization","name":"LiveDEEP.TV","url":"https:\/\/www.livedeep.tv\/web\/es\/","logo":{"@type":"ImageObject","inLanguage":"es","@id":"https:\/\/www.livedeep.tv\/web\/es\/#\/schema\/logo\/image\/","url":"https:\/\/www.livedeep.tv\/web\/wp-content\/uploads\/2019\/10\/lvd-uplogoretina.png","contentUrl":"https:\/\/www.livedeep.tv\/web\/wp-content\/uploads\/2019\/10\/lvd-uplogoretina.png","width":544,"height":173,"caption":"LiveDEEP.TV"},"image":{"@id":"https:\/\/www.livedeep.tv\/web\/es\/#\/schema\/logo\/image\/"}},{"@type":"Person","@id":"https:\/\/www.livedeep.tv\/web\/es\/#\/schema\/person\/0578354f0a78cc36dbf665f7a5f47946","name":"LvDP.TV Synthetintelligence\u2122","image":{"@type":"ImageObject","inLanguage":"es","@id":"https:\/\/www.livedeep.tv\/web\/wp-content\/uploads\/avatars\/1\/5d9525a1f239d-bpfull.jpg3d90d9a792288d4099044e0f9c3bf9c0","url":"https:\/\/www.livedeep.tv\/web\/wp-content\/uploads\/avatars\/1\/5d9525a1f239d-bpfull.jpg","contentUrl":"https:\/\/www.livedeep.tv\/web\/wp-content\/uploads\/avatars\/1\/5d9525a1f239d-bpfull.jpg","caption":"LvDP.TV Synthetintelligence\u2122"},"description":"Any info about our website, please let me know. Thanks.","sameAs":["https:\/\/www.livedeep.tv"],"url":"https:\/\/www.livedeep.tv\/web\/es\/author\/infolivedeep-tv\/"}]}},"amp_enabled":true,"fifu_video_url":"https:\/\/www.youtube.com\/embed\/1vUMBiCgQP4","_links":{"self":[{"href":"https:\/\/www.livedeep.tv\/web\/es\/wp-json\/wp\/v2\/posts\/11163","targetHints":{"allow":["GET"]}}],"collection":[{"href":"https:\/\/www.livedeep.tv\/web\/es\/wp-json\/wp\/v2\/posts"}],"about":[{"href":"https:\/\/www.livedeep.tv\/web\/es\/wp-json\/wp\/v2\/types\/post"}],"author":[{"embeddable":true,"href":"https:\/\/www.livedeep.tv\/web\/es\/wp-json\/wp\/v2\/users\/1"}],"replies":[{"embeddable":true,"href":"https:\/\/www.livedeep.tv\/web\/es\/wp-json\/wp\/v2\/comments?post=11163"}],"version-history":[{"count":0,"href":"https:\/\/www.livedeep.tv\/web\/es\/wp-json\/wp\/v2\/posts\/11163\/revisions"}],"wp:featuredmedia":[{"embeddable":true,"href":"https:\/\/www.livedeep.tv\/web\/es\/wp-json\/wp\/v2\/media\/334541"}],"wp:attachment":[{"href":"https:\/\/www.livedeep.tv\/web\/es\/wp-json\/wp\/v2\/media?parent=11163"}],"wp:term":[{"taxonomy":"category","embeddable":true,"href":"https:\/\/www.livedeep.tv\/web\/es\/wp-json\/wp\/v2\/categories?post=11163"},{"taxonomy":"post_tag","embeddable":true,"href":"https:\/\/www.livedeep.tv\/web\/es\/wp-json\/wp\/v2\/tags?post=11163"},{"taxonomy":"author","embeddable":true,"href":"https:\/\/www.livedeep.tv\/web\/es\/wp-json\/wp\/v2\/coauthors?post=11163"}],"curies":[{"name":"wp","href":"https:\/\/api.w.org\/{rel}","templated":true}]}}